{"id":1003,"date":"2020-01-25T21:25:21","date_gmt":"2020-01-25T21:25:21","guid":{"rendered":"http:\/\/www.abintabogados.com\/web\/?p=1003"},"modified":"2020-01-25T21:25:21","modified_gmt":"2020-01-25T21:25:21","slug":"los-agentes-de-los-futbolistas-y-la-fifa","status":"publish","type":"post","link":"https:\/\/www.abintabogados.com\/web\/2020\/01\/25\/los-agentes-de-los-futbolistas-y-la-fifa\/","title":{"rendered":"Los agentes de los futbolistas y la FIFA."},"content":{"rendered":"<p style=\"text-align: justify;\">os principales agentes, entre los que se encuentran Mino Raiola, Jorge Mendes y Jonathan Barnett, han amenazado a la FIFA con emprender acciones legales en relaci\u00f3n con las propuestas de recorte de las tasas a los representantes de los jugadores y los clubes que participan en los traspasos.<\/p>\n<p style=\"text-align: justify;\">El pasado mes de septiembre, el Z\u00farich propuso planes para limitar a los agentes del club vendedor a un m\u00e1ximo del 10% de la tasa de transferencia. El organismo rector del f\u00fatbol mundial tambi\u00e9n quiere un tope del 3% de la cuota de los jugadores para los agentes del club comprador, pero estas propuestas recibieron una dura reprimenda en una reuni\u00f3n de los mayores agentes del f\u00fatbol del mundo, que se celebr\u00f3 en una reuni\u00f3n de la Asociaci\u00f3n de Agentes de F\u00fatbol (AFA) en el norte de Londres.<\/p>\n<p style=\"text-align: justify;\">\u00abQueremos justicia\u00bb, respondi\u00f3 Barnett. \u00abLa FIFA deber\u00eda reconocernos y tratarnos de manera adecuada\u00bb. La verdad es que la FIFA no sabe exactamente lo que hace un agente. Nadie de la FIFA ha estado nunca en mi oficina ni ha tenido una conversaci\u00f3n conmigo. Si se pregunta a los jugadores qu\u00e9 es lo que quieren, est\u00e1n a favor de los agentes. Nunca hay quejas de los jugadores sobre los honorarios de los agentes. Intentaremos hasta el \u00faltimo minuto resolver el problema, pero tenga la seguridad de que si es necesario iremos a todas las canchas del mundo\u00bb.<\/p>\n<p style=\"text-align: justify;\">La federaci\u00f3n mundial est\u00e1 buscando implementar sus planes tan pronto como la pr\u00f3xima temporada, pero ahora podr\u00eda enfrentar una severa oposici\u00f3n de los agentes. \u00abPor primera vez, hemos acordado una pol\u00edtica unida con respecto a las propuestas de la FIFA\u00bb, dijo Mel Stein, presidente vitalicio de la Asociaci\u00f3n de Agentes de F\u00fatbol. Les escribiremos conjuntamente para avisarles de que, una vez que se haya puesto en marcha un proceso formal y consultivo en el que todas las partes puedan poner sobre la mesa sus propuestas, estaremos encantados de reunirnos con ellos\u00bb. En lo que a nosotros respecta, esto env\u00eda un mensaje limpio y positivo a la FIFA sobre d\u00f3nde estamos en esto\u00bb.<\/p>\n<p style=\"text-align: justify;\">En respuesta, la FIFA escribi\u00f3 eso: \u00abAspiramos a un sistema de regulaci\u00f3n equilibrado y razonable, en lugar de la ley de la jungla actualmente vigente, con conflictos de intereses muy extendidos y &#8216;comisiones&#8217; exorbitantes que se ganan a diestra y siniestra\u00bb.<\/p>\n<p style=\"text-align: justify;\">\u00abS\u00f3lo en el \u00faltimo a\u00f1o, los agentes de f\u00fatbol ganaron 653,9 millones de d\u00f3lares (498,2 millones de libras esterlinas) en honorarios, cuatro veces m\u00e1s que en 2015\u00bb.<\/p>\n<p>&nbsp;<\/p>\n","protected":false},"excerpt":{"rendered":"<p>os principales agentes, entre los que se encuentran Mino Raiola, Jorge Mendes y Jonathan Barnett, han amenazado a la FIFA con emprender acciones legales en relaci\u00f3n con las propuestas de recorte de las tasas a los representantes de los jugadores y los clubes que participan en los traspasos. El pasado mes de septiembre, el Z\u00farich propuso planes para limitar a [&hellip;]<\/p>\n","protected":false},"author":2,"featured_media":0,"comment_status":"closed","ping_status":"closed","sticky":false,"template":"","format":"standard","meta":{"footnotes":""},"categories":[1],"tags":[],"_links":{"self":[{"href":"https:\/\/www.abintabogados.com\/web\/wp-json\/wp\/v2\/posts\/1003"}],"collection":[{"href":"https:\/\/www.abintabogados.com\/web\/wp-json\/wp\/v2\/posts"}],"about":[{"href":"https:\/\/www.abintabogados.com\/web\/wp-json\/wp\/v2\/types\/post"}],"author":[{"embeddable":true,"href":"https:\/\/www.abintabogados.com\/web\/wp-json\/wp\/v2\/users\/2"}],"replies":[{"embeddable":true,"href":"https:\/\/www.abintabogados.com\/web\/wp-json\/wp\/v2\/comments?post=1003"}],"version-history":[{"count":1,"href":"https:\/\/www.abintabogados.com\/web\/wp-json\/wp\/v2\/posts\/1003\/revisions"}],"predecessor-version":[{"id":1004,"href":"https:\/\/www.abintabogados.com\/web\/wp-json\/wp\/v2\/posts\/1003\/revisions\/1004"}],"wp:attachment":[{"href":"https:\/\/www.abintabogados.com\/web\/wp-json\/wp\/v2\/media?parent=1003"}],"wp:term":[{"taxonomy":"category","embeddable":true,"href":"https:\/\/www.abintabogados.com\/web\/wp-json\/wp\/v2\/categories?post=1003"},{"taxonomy":"post_tag","embeddable":true,"href":"https:\/\/www.abintabogados.com\/web\/wp-json\/wp\/v2\/tags?post=1003"}],"curies":[{"name":"wp","href":"https:\/\/api.w.org\/{rel}","templated":true}]}}