{"id":1110,"date":"2020-03-24T14:45:14","date_gmt":"2020-03-24T14:45:14","guid":{"rendered":"http:\/\/www.abintabogados.com\/web\/?p=1110"},"modified":"2020-03-24T14:45:14","modified_gmt":"2020-03-24T14:45:14","slug":"el-fashion-pact","status":"publish","type":"post","link":"https:\/\/www.abintabogados.com\/web\/2020\/03\/24\/el-fashion-pact\/","title":{"rendered":"El Fashion Pact."},"content":{"rendered":"<p><a href=\"http:\/\/www.abintabogados.com\/web\/wp-content\/uploads\/2020\/03\/two-men-and-women-jumping-on-roadway-surrounded-by-bare-3373480.jpg\"><img fetchpriority=\"high\" decoding=\"async\" class=\"alignnone size-medium wp-image-1107\" alt=\"two-men-and-women-jumping-on-roadway-surrounded-by-bare-3373480\" src=\"http:\/\/www.abintabogados.com\/web\/wp-content\/uploads\/2020\/03\/two-men-and-women-jumping-on-roadway-surrounded-by-bare-3373480-300x199.jpg\" width=\"300\" height=\"199\" srcset=\"https:\/\/www.abintabogados.com\/web\/wp-content\/uploads\/2020\/03\/two-men-and-women-jumping-on-roadway-surrounded-by-bare-3373480-300x199.jpg 300w, https:\/\/www.abintabogados.com\/web\/wp-content\/uploads\/2020\/03\/two-men-and-women-jumping-on-roadway-surrounded-by-bare-3373480-600x398.jpg 600w, https:\/\/www.abintabogados.com\/web\/wp-content\/uploads\/2020\/03\/two-men-and-women-jumping-on-roadway-surrounded-by-bare-3373480-1024x679.jpg 1024w\" sizes=\"(max-width: 300px) 100vw, 300px\" \/><\/a><\/p>\n<p style=\"text-align: justify;\">Un acuerdo firmado por 32 potentes representantes de la industria de la moda, concretamente Inditex, Capri Holdings Limited, Carrefour, Chanel, Everybody &amp; Everyone, Fashion3, Ferragamo, Fung Group, Galeries Lafayette, Gap, Giorgio Armani, H&amp;M, Hermes, Karl Lagerfeld, Kering, La\u00a0Redoute, Matchesfashion.com, Moncler, Nike, Nordstrom, Prada Group, Puma, PVH, Ralph Lauren, Ruyi, Selfridges Group, Stella McCartney, Tapestry , Zegna, Adidas, Bestseller y Burberry.<\/p>\n<p style=\"text-align: justify;\">Despu\u00e9s de leerlo las premisas son claras, dirigir al sector hacia la sostenibilidad coordinado a las empresas textiles y de lujo para que emprendan acciones y logren tres objetivos: (i) detener el cambio clim\u00e1tico, (ii) la restauraci\u00f3n de la biodiversidad, y (iii) el cuidado de los oc\u00e9anos. Coincidiendo dichas pautas con la iniciativa Science Based Target (SBT) con objetivos medibles cient\u00edficamente y fij\u00e1ndose dentro de estos tres objetivos puntos concretos de trabajo para defender y potenciar la sostenibilidad medioambiental dentro de la industria de la moda.<\/p>\n<p style=\"text-align: justify;\">Es importante saber que es una iniciativa conjunta para ayudar a frenar el deterioro del planeta donde las empresas firmantes se comprometen a tomar una serie de medidas para lograr unos objetivos cuantitativos. Es decir, estas empresas est\u00e1n asumiendo un compromiso voluntario con la intenci\u00f3n\u00a0de hacer reuniones peri\u00f3dicas y evaluar las acciones de las empresas, ya que tal y como se establece en el mismo Fashion Fact este no es vinculante.<\/p>\n<p style=\"text-align: justify;\">En definitiva, el impacto medioambiental en la industria textil es fuerte, el sector lo sabe y han sido las propias empresas las que han decidido dar otro paso m\u00e1s a favor de la sostenibilidad fijando este nuevo acuerdo, que seg\u00fan he le\u00eddo en varios art\u00edculos de prensa, \u00a0y sin entrar a debate sobre ello, el motivo real de esta asociaci\u00f3n de empresas radica entre avanzarse a las nuevas regulaciones que los gobiernos puedan fijar, para trabajar con ellos conjuntamente, para evadirse de cr\u00edticas sociales o bien por existir una verdadera concienciaci\u00f3n de la problem\u00e1tica medioambiental.<\/p>\n<p style=\"text-align: justify;\">Pero de momento el Fashion Pact es una iniciativa conjunta en defensa del inter\u00e9s general del planeta a largo plazo, por lo que tendremos que esperar a que realmente los beneficios particulares queden atr\u00e1s y se implementen las pautas de trabajo para cumplir los objetivos de sostenibilidad medioambiental en la industria textil a favor de un inter\u00e9s general.<\/p>\n<p style=\"text-align: justify;\">Ser\u00e1 que en Latinoam\u00e9rica, podemos hacerlo?<\/p>\n<p style=\"text-align: justify;\">#FashionLaw #Derechodelamoda #Direitodamoda #fashionBusiness #VENEZUELA #COLOMBIA #ABOGADOS #ABINTIPS<\/p>\n","protected":false},"excerpt":{"rendered":"<p>Un acuerdo firmado por 32 potentes representantes de la industria de la moda, concretamente Inditex, Capri Holdings Limited, Carrefour, Chanel, Everybody &amp; Everyone, Fashion3, Ferragamo, Fung Group, Galeries Lafayette, Gap, Giorgio Armani, H&amp;M, Hermes, Karl Lagerfeld, Kering, La\u00a0Redoute, Matchesfashion.com, Moncler, Nike, Nordstrom, Prada Group, Puma, PVH, Ralph Lauren, Ruyi, Selfridges Group, Stella McCartney, Tapestry , Zegna, Adidas, Bestseller y Burberry. [&hellip;]<\/p>\n","protected":false},"author":2,"featured_media":0,"comment_status":"closed","ping_status":"closed","sticky":false,"template":"","format":"standard","meta":{"footnotes":""},"categories":[1],"tags":[],"_links":{"self":[{"href":"https:\/\/www.abintabogados.com\/web\/wp-json\/wp\/v2\/posts\/1110"}],"collection":[{"href":"https:\/\/www.abintabogados.com\/web\/wp-json\/wp\/v2\/posts"}],"about":[{"href":"https:\/\/www.abintabogados.com\/web\/wp-json\/wp\/v2\/types\/post"}],"author":[{"embeddable":true,"href":"https:\/\/www.abintabogados.com\/web\/wp-json\/wp\/v2\/users\/2"}],"replies":[{"embeddable":true,"href":"https:\/\/www.abintabogados.com\/web\/wp-json\/wp\/v2\/comments?post=1110"}],"version-history":[{"count":2,"href":"https:\/\/www.abintabogados.com\/web\/wp-json\/wp\/v2\/posts\/1110\/revisions"}],"predecessor-version":[{"id":1112,"href":"https:\/\/www.abintabogados.com\/web\/wp-json\/wp\/v2\/posts\/1110\/revisions\/1112"}],"wp:attachment":[{"href":"https:\/\/www.abintabogados.com\/web\/wp-json\/wp\/v2\/media?parent=1110"}],"wp:term":[{"taxonomy":"category","embeddable":true,"href":"https:\/\/www.abintabogados.com\/web\/wp-json\/wp\/v2\/categories?post=1110"},{"taxonomy":"post_tag","embeddable":true,"href":"https:\/\/www.abintabogados.com\/web\/wp-json\/wp\/v2\/tags?post=1110"}],"curies":[{"name":"wp","href":"https:\/\/api.w.org\/{rel}","templated":true}]}}