{"id":1266,"date":"2020-05-14T11:16:57","date_gmt":"2020-05-14T11:16:57","guid":{"rendered":"https:\/\/www.abintabogados.com\/web\/?p=1266"},"modified":"2020-05-14T11:52:50","modified_gmt":"2020-05-14T11:52:50","slug":"reglas-de-juego-covid-19","status":"publish","type":"post","link":"https:\/\/www.abintabogados.com\/web\/2020\/05\/14\/reglas-de-juego-covid-19\/","title":{"rendered":"Conmebol establece nuevas Reglas de juego por el Covid-19"},"content":{"rendered":"<p style=\"text-align: justify;\"><img fetchpriority=\"high\" decoding=\"async\" class=\"alignnone wp-image-1265 size-full\" alt=\"\" src=\"http:\/\/www.abintabogados.com\/web\/wp-content\/uploads\/2020\/05\/wpid-descarga-1031606321.png\" width=\"263\" height=\"192\" data-temp-aztec-id=\"a36360d2-9d0c-40c7-a527-5f25d0b37737\" \/><\/p>\n<p style=\"box-sizing: border-box; margin: 0px; font-family: roboto, Arial, Helvetica, sans-serif; font-size: 19px; font-weight: 300; line-height: 29px; padding: 0px; color: #000101; font-style: normal; font-variant-ligatures: normal; font-variant-caps: normal; letter-spacing: normal; text-transform: none; white-space: normal; widows: 2; word-spacing: 0px; -webkit-text-stroke-width: 0px; background-color: #ffffff; text-decoration-style: initial; text-decoration-color: initial; text-align: justify;\">La <strong style=\"box-sizing: border-box; font-weight: bold;\">Conmebol<\/strong> anunci\u00f3 este mi\u00e9rcoles una serie de prohibiciones para los partidos de las ediciones de este a\u00f1o de <strong style=\"box-sizing: border-box; font-weight: bold;\">la Copa Libertadores y la Sudamericana<\/strong> como escupir en la cancha o besar el bal\u00f3n, dentro de las medidas de prevenci\u00f3n ante el COVID-19 una vez que se reactiven esas competiciones.<\/p>\n<p style=\"box-sizing: border-box; margin: 0px; font-family: roboto, Arial, Helvetica, sans-serif; font-size: 19px; font-weight: 300; line-height: 29px; padding: 0px; color: #000101; font-style: normal; font-variant-ligatures: normal; font-variant-caps: normal; letter-spacing: normal; text-transform: none; white-space: normal; widows: 2; word-spacing: 0px; -webkit-text-stroke-width: 0px; background-color: #ffffff; text-decoration-style: initial; text-decoration-color: initial; text-align: justify;\">Las disposiciones espec\u00edficas, aprobadas durante la <strong style=\"box-sizing: border-box; font-weight: bold;\">reuni\u00f3n del Consejo de la Conmebol<\/strong>, implican <strong style=\"box-sizing: border-box; font-weight: bold;\">la prohibici\u00f3n a jugadores y oficiales de \u00abescupir y sudar la nariz antes, durante y despu\u00e9s del partido en el \u00e1rea de competici\u00f3n\u00bb<\/strong>, que incluye al campo de juego y al banquillo de suplentes.<\/p>\n<p style=\"box-sizing: border-box; margin: 0px; font-family: roboto, Arial, Helvetica, sans-serif; font-size: 19px; font-weight: 300; line-height: 29px; padding: 0px; color: #000101; font-style: normal; font-variant-ligatures: normal; font-variant-caps: normal; letter-spacing: normal; text-transform: none; white-space: normal; widows: 2; word-spacing: 0px; -webkit-text-stroke-width: 0px; background-color: #ffffff; text-decoration-style: initial; text-decoration-color: initial; text-align: justify;\">Asimismo, se establece la <strong style=\"box-sizing: border-box; font-weight: bold;\">prohibici\u00f3n a jugadores y oficiales de \u00abbesar el bal\u00f3n antes, durante y despu\u00e9s del partido\u00bb<\/strong>, seg\u00fan inform\u00f3 la Conmebol en un comunicado.<\/p>\n<p style=\"box-sizing: border-box; margin: 0px; font-family: roboto, Arial, Helvetica, sans-serif; font-size: 19px; font-weight: 300; line-height: 29px; padding: 0px; color: #000101; font-style: normal; font-variant-ligatures: normal; font-variant-caps: normal; letter-spacing: normal; text-transform: none; white-space: normal; widows: 2; word-spacing: 0px; -webkit-text-stroke-width: 0px; background-color: #ffffff; text-decoration-style: initial; text-decoration-color: initial; text-align: justify;\">Tambi\u00e9n ser\u00e1 obligatorio para jugadores y oficiales someterse a <strong style=\"box-sizing: border-box; font-weight: bold;\">controles de temperatura antes de cada partido<\/strong>, adem\u00e1s de a usar botellas individuales de agua o bebidas isot\u00f3nicas. Al mismo tiempo, <strong style=\"box-sizing: border-box; font-weight: bold;\">se proh\u00edbe intercambiar o regalar camisetas u otras indumentarias<\/strong> con los rivales o compa\u00f1eros del mismo equipo o a cualquier otra persona.<\/p>\n<p style=\"box-sizing: border-box; margin: 0px; font-family: roboto, Arial, Helvetica, sans-serif; font-size: 19px; font-weight: 300; line-height: 29px; padding: 0px; color: #000101; font-style: normal; font-variant-ligatures: normal; font-variant-caps: normal; letter-spacing: normal; text-transform: none; white-space: normal; widows: 2; word-spacing: 0px; -webkit-text-stroke-width: 0px; background-color: #ffffff; text-decoration-style: initial; text-decoration-color: initial; text-align: justify;\">Y se establece el <strong style=\"box-sizing: border-box; font-weight: bold;\">uso obligatorio de mascarillas a los jugadores y oficiales que se encuentren en el banco de reservas.<\/strong> Las mascarillas deber\u00e1n ser tambi\u00e9n utilizadas en caso de que se realicen ruedas de prensa tras los partidos, indic\u00f3 el ente, que <strong style=\"box-sizing: border-box; font-weight: bold;\">fij\u00f3 sanciones y multas de hasta 200 d\u00f3lares por incumplir esa normativa.<\/strong><\/p>\n<p style=\"box-sizing: border-box; margin: 0px; font-family: roboto, Arial, Helvetica, sans-serif; font-size: 19px; font-weight: 300; line-height: 29px; padding: 0px; color: #000101; font-style: normal; font-variant-ligatures: normal; font-variant-caps: normal; letter-spacing: normal; text-transform: none; white-space: normal; widows: 2; word-spacing: 0px; -webkit-text-stroke-width: 0px; background-color: #ffffff; text-decoration-style: initial; text-decoration-color: initial; text-align: justify;\">La regulaci\u00f3n dise\u00f1ada por el Consejo para esta edici\u00f3n de los dos torneos contempla la <strong style=\"box-sizing: border-box; font-weight: bold;\">creaci\u00f3n de un Registro M\u00e9dico de Control de Jugadores y Oficiales<\/strong>, y en base a las listas proporcionadas por los clubes participantes.<\/p>\n<p style=\"box-sizing: border-box; margin: 0px; font-family: roboto, Arial, Helvetica, sans-serif; font-size: 19px; font-weight: 300; line-height: 29px; padding: 0px; color: #000101; font-style: normal; font-variant-ligatures: normal; font-variant-caps: normal; letter-spacing: normal; text-transform: none; white-space: normal; widows: 2; word-spacing: 0px; -webkit-text-stroke-width: 0px; background-color: #ffffff; text-decoration-style: initial; text-decoration-color: initial; text-align: justify;\">Los integrantes de ese Registro deber\u00e1n <strong style=\"box-sizing: border-box; font-weight: bold;\">someterse de forma obligatoria al test<\/strong> del COVID-19 y de acuerdo al protocolo m\u00e9dico de la Conmebol.<\/p>\n<p style=\"box-sizing: border-box; margin: 0px; font-family: roboto, Arial, Helvetica, sans-serif; font-size: 19px; font-weight: 300; line-height: 29px; padding: 0px; color: #000101; font-style: normal; font-variant-ligatures: normal; font-variant-caps: normal; letter-spacing: normal; text-transform: none; white-space: normal; widows: 2; word-spacing: 0px; -webkit-text-stroke-width: 0px; background-color: #ffffff; text-decoration-style: initial; text-decoration-color: initial; text-align: justify;\">A su vez, la Conmebol podr\u00e1 ordenar test de COVID-19 adicionales de forma previa a los partidos o durante los entrenamientos. Los jugadores y oficiales que se nieguen a someterse a esas pruebas no podr\u00e1n participar en las competiciones de la Conmebol, a\u00f1adi\u00f3 el organismo.<\/p>\n<p style=\"box-sizing: border-box; margin: 0px; font-family: roboto, Arial, Helvetica, sans-serif; font-size: 19px; font-weight: 300; line-height: 29px; padding: 0px; color: #000101; font-style: normal; font-variant-ligatures: normal; font-variant-caps: normal; letter-spacing: normal; text-transform: none; white-space: normal; widows: 2; word-spacing: 0px; -webkit-text-stroke-width: 0px; background-color: #ffffff; text-decoration-style: initial; text-decoration-color: initial; text-align: justify;\"><strong style=\"box-sizing: border-box; font-weight: bold;\">El coronavirus provoc\u00f3 la suspensi\u00f3n temporal de las Copas Libertadores y Sudamericana y de las primeras dos jornadas de la eliminatoria al Mundial de Catar 2022<\/strong>, que deb\u00edan disputarse a finales de marzo.<\/p>\n","protected":false},"excerpt":{"rendered":"<p>La Conmebol anunci\u00f3 este mi\u00e9rcoles una serie de prohibiciones para los partidos de las ediciones de este a\u00f1o de la Copa Libertadores y la Sudamericana como escupir en la cancha o besar el bal\u00f3n, dentro de las medidas de prevenci\u00f3n ante el COVID-19 una vez que se reactiven esas competiciones. Las disposiciones espec\u00edficas, aprobadas durante la reuni\u00f3n del Consejo de [&hellip;]<\/p>\n","protected":false},"author":2,"featured_media":0,"comment_status":"closed","ping_status":"closed","sticky":false,"template":"","format":"standard","meta":{"footnotes":""},"categories":[1],"tags":[7,9,24,21,23,11,22,12,20,19,18,17,25,15,13,14,16,8],"_links":{"self":[{"href":"https:\/\/www.abintabogados.com\/web\/wp-json\/wp\/v2\/posts\/1266"}],"collection":[{"href":"https:\/\/www.abintabogados.com\/web\/wp-json\/wp\/v2\/posts"}],"about":[{"href":"https:\/\/www.abintabogados.com\/web\/wp-json\/wp\/v2\/types\/post"}],"author":[{"embeddable":true,"href":"https:\/\/www.abintabogados.com\/web\/wp-json\/wp\/v2\/users\/2"}],"replies":[{"embeddable":true,"href":"https:\/\/www.abintabogados.com\/web\/wp-json\/wp\/v2\/comments?post=1266"}],"version-history":[{"count":4,"href":"https:\/\/www.abintabogados.com\/web\/wp-json\/wp\/v2\/posts\/1266\/revisions"}],"predecessor-version":[{"id":1270,"href":"https:\/\/www.abintabogados.com\/web\/wp-json\/wp\/v2\/posts\/1266\/revisions\/1270"}],"wp:attachment":[{"href":"https:\/\/www.abintabogados.com\/web\/wp-json\/wp\/v2\/media?parent=1266"}],"wp:term":[{"taxonomy":"category","embeddable":true,"href":"https:\/\/www.abintabogados.com\/web\/wp-json\/wp\/v2\/categories?post=1266"},{"taxonomy":"post_tag","embeddable":true,"href":"https:\/\/www.abintabogados.com\/web\/wp-json\/wp\/v2\/tags?post=1266"}],"curies":[{"name":"wp","href":"https:\/\/api.w.org\/{rel}","templated":true}]}}