{"id":1320,"date":"2020-06-10T21:50:47","date_gmt":"2020-06-10T21:50:47","guid":{"rendered":"http:\/\/www.abintabogados.com\/web\/?p=1320"},"modified":"2020-06-11T15:15:00","modified_gmt":"2020-06-11T15:15:00","slug":"twitter-y-sus-cookies","status":"publish","type":"post","link":"https:\/\/www.abintabogados.com\/web\/2020\/06\/10\/twitter-y-sus-cookies\/","title":{"rendered":"Twitter y sus cookies.."},"content":{"rendered":"<p><a href=\"http:\/\/www.abintabogados.com\/web\/wp-content\/uploads\/2020\/06\/twi.jpg\"><img decoding=\"async\" class=\"alignnone size-medium wp-image-1319\" alt=\"twi\" src=\"http:\/\/www.abintabogados.com\/web\/wp-content\/uploads\/2020\/06\/twi-300x141.jpg\" width=\"300\" height=\"141\" srcset=\"https:\/\/www.abintabogados.com\/web\/wp-content\/uploads\/2020\/06\/twi-300x141.jpg 300w, https:\/\/www.abintabogados.com\/web\/wp-content\/uploads\/2020\/06\/twi.jpg 327w\" sizes=\"(max-width: 300px) 100vw, 300px\" \/><\/a><\/p>\n<p style=\"text-align: justify;\">Entre los grandes desaf\u00edos que tienen ante s\u00ed las sociedades del siglo XXI, tales como el cambio clim\u00e1tico, el envejecimiento poblacional, la lucha contra las desigualdades o el control de uso de nuestros datos personales por las redes sociales, destacamos este \u00faltimo por su poder de transformaci\u00f3n sobre el progreso humano.<\/p>\n<p style=\"text-align: justify;\">Los gobiernos, desde la regulaci\u00f3n y educaci\u00f3n de sus ciudadanos, tienen la oportunidad de garantizar la dimensi\u00f3n humana en la inversi\u00f3n, desarrollo y uso de las redes sociales. Si bien las grandes referencias que actualmente tenemos son el \u2018gran hermano\u2019 chino, que explota los datos para el control de sus ciudadanos, y Estados Unidos, cuya principal preocupaci\u00f3n es el beneficio econ\u00f3mico, la UE esta tratando de erigirse en actor principal como garante de la \u00e9tica y protecci\u00f3n de los consumidores, tal como ya lo hizo con otras regulaciones complejas como la del cambio clim\u00e1tico, la energ\u00eda nuclear o la clonaci\u00f3n, pero en latinoamerica vamos muy tarde en la carrera, solo algunos visionarios como @Martinleguizamon_1 @gmzamora @abgeduardocespedes por citar algunos han denunciado el mal uso que se le est\u00e1 dando a nuestros datos personales. A la larga, solo ir\u00e1 a la cabeza la tecnolog\u00eda que goce de la confianza de las personas.<\/p>\n<p style=\"text-align: justify;\">En las organizaciones existe una creciente toma de conciencia de los aspectos \u00e9ticos del riesgo en el mal uso de los datos personales de los usuarios. Ante la falta de regulaci\u00f3n, algunas establecen pautas de autorregulaci\u00f3n, otras impulsan y supervisan toda iniciativa sobre su uso \u00e9tico mediante la creaci\u00f3n de c\u00f3digos y comit\u00e9s de \u00e9tica espec\u00edficos. En todo caso,\u00a0<b>ser\u00e1 prioritario que en las empresas sean las personas quienes lideren la tecnolog\u00eda y no a la inversa<\/b>.<\/p>\n<p style=\"text-align: justify;\">Respecto a los ciudadanos, resultar\u00e1 fundamental que estos adquieran el conocimiento y competencias digitales necesarias para poder liderar esta transformaci\u00f3n. Los miedos de que las redes sociales y su influencia marquen tendencia, genera temor, buscando sustituir emociones hasta ahora exclusivas de los humanos como son las capacidades cognitivas de aprender, analizar, comunicar o comprender las emociones humanas, y es que hasta la propia intuici\u00f3n no deja de ser un reconocimiento de patrones. Sin embargo, la mejor forma de proteger a los humanos no ser\u00e1 la de competir contra el mal uso la tecnolog\u00eda sino, desde la cualificaci\u00f3n, centrase en su control para una correcta aplicaci\u00f3n y uso.<\/p>\n<p style=\"text-align: justify;\">Si bien hemos comprobado con la crisis desatadas durante el 2020 que la \u00e9tica y los valores en cualquiera de sus \u00f3rdenes facilitan sociedades m\u00e1s unidas, robustas y equitativas, cuando hablamos de redes sociales y de dotar de \u00e9tica a las mismas no ser\u00e1 tarea f\u00e1cil, pues en la medida en que estas toman como referencia la inteligencia humana y nuestros valores no siguen un patr\u00f3n universal en todas las personas, organizaciones, sociedades, culturas o \u00e9pocas, ser\u00e1 muy dif\u00edcil eliminar todos los sesgos y prejuicios ya sean estos conscientes o inconscientes.<\/p>\n<p style=\"text-align: justify;\">En raz\u00f3n a ello la Agencia Espa\u00f1ola de protecci\u00f3n de datos, sancion\u00f3 a Twitter con una multa de 30.000 \u20ac de sanci\u00f3n por infracci\u00f3n de la normativa sobre el uso de cookies.<\/p>\n<p style=\"text-align: justify;\">Al contrario de lo que algunos piensan, las cookies no son<i>\u00a0spam<\/i>, ni gusanos inform\u00e1ticos, ni ning\u00fan otro tipo de virus extra\u00f1o. Son unos<b>\u00a0archivos inform\u00e1ticos diminutos<\/b>\u00a0enviados por los sitios web que se almacenan en nuestro navegador y que\u00a0<b>obtienen datos sobre nosotros<\/b>. Estos peque\u00f1os programas-esp\u00eda consiguen informaci\u00f3n clave para la publicidad en internet, especialmente en lo que respecta a los avisos publicitarios personalizados. El trabajo de las cookies es \u00abcontarles\u00bb a las marcas y empresas c\u00f3mo nos comportamos en internet para colocar anuncios de acuerdo con nuestros gustos e intereses.<\/p>\n<p style=\"text-align: justify;\">Twitter en su p\u00e1gina (<a href=\"https:\/\/help.twitter.com\/es\/rules-and-policies\/twitter-cookies\">https:\/\/help.twitter.com\/es\/rules-and-policies\/twitter-cookies<\/a>) dice lo siguiente \u201c<b>Las cookies son peque\u00f1os archivos que los sitios web colocan en tu computadora cuando navegas por la Web. Como muchos otros sitios web, Twitter, Periscope y el resto de nuestros servicios usan cookies para descubrir de qu\u00e9 manera la gente utiliza nuestros servicios y para ayudar a que funcionen mejor<\/b>\u201d<\/p>\n<p style=\"text-align: justify;\">Al acceder a la p\u00e1gina web se instalan DIRECTAMENTE en el navegador varias cookies de publicidad y otras desconocidas. El banner inicial indica que si el usuario sigue navegando se entiende que acepta la utilizaci\u00f3n de cookies, pero no incluye ning\u00fan enlace que permita rechazar o configurar las cookies. La Pol\u00edtica de Cookies tampoco ofrece la posibilidad de rechazar las cookies o gestionarlas de forma granular.<\/p>\n<p style=\"text-align: justify;\">Al acceder a la p\u00e1gina web www.twitter.com, y sin haber realizado ning\u00fan otro tipo de acci\u00f3n se ha comprobado que se instalan cookies no necesarias. Adem\u00e1s, el mensaje que se edita para advertir sobre las cookies solamente indica que \u201c<b>si se sigue navegando se aceptan la utilizaci\u00f3n de cookies<\/b>\u201d pero no se da informaci\u00f3n de c\u00f3mo rechazar las cookies o c\u00f3mo gestionarlas de forma granular. Si existe un enlace en la parte inferior de la p\u00e1gina con el t\u00edtulo de \u201ccookies\u201d, a trav\u00e9s del cual se accede a la pol\u00edtica de cookies (segunda capa), pero tampoco en esta capa se posibilita la acci\u00f3n de rechazar las cookies o de hacerlo de forma granular. La p\u00e1gina se limita a informar como configurar los diferentes navegadores para la gesti\u00f3n de las cookies, violando con ello la necesidad del expreso consentimiento por parte del usuario<\/p>\n<p style=\"text-align: justify;\">La infracci\u00f3n in comento se tipific\u00f3 como leve pero se gradu\u00f3 en su m\u00e1ximo importe teniendo en cuenta:<\/p>\n<p style=\"text-align: justify;\">1 La existencia de intencionalidad,<\/p>\n<p style=\"text-align: justify;\">2 El plazo de tiempo durante el que ha venido cometiendo la infracci\u00f3n, al ser la reclamaci\u00f3n de mayo de 2018,<\/p>\n<p style=\"text-align: justify;\">3 La naturaleza y cuant\u00eda de los perjuicios causados, con relaci\u00f3n al volumen de usuarios a los que afecta la infracci\u00f3n, al tener m\u00e1s de 4 millones de perfiles registrados en Espa\u00f1a,<\/p>\n<p style=\"text-align: justify;\">4 Los beneficios obtenidos por la infracci\u00f3n y por el volumen de facturaci\u00f3n a que afecta la infracci\u00f3n.<\/p>\n<p style=\"text-align: justify;\">En definitiva, el futuro puede ser fant\u00e1stico, pero\u00a0cualquier sociedad est\u00e1 expuesta a un colapso \u00e9tico y social, por eso debemos reflexionar y aceptar que\u00a0<a href=\"https:\/\/ethic.es\/2018\/03\/la-etica-del-big-data\/\">la \u00e9tica de las redes sociales\u00a0<\/a>es un asunto de todos, y que solo desde la educaci\u00f3n de hoy se podr\u00e1n hacer frente a los retos y desaf\u00edos de las generaciones del ma\u00f1ana, pues como dec\u00eda <b>Marie Curie, \u00abno debemos temer nada, solo debemos entenderlo\u00bb<\/b>.<\/p>\n","protected":false},"excerpt":{"rendered":"<p>Entre los grandes desaf\u00edos que tienen ante s\u00ed las sociedades del siglo XXI, tales como el cambio clim\u00e1tico, el envejecimiento poblacional, la lucha contra las desigualdades o el control de uso de nuestros datos personales por las redes sociales, destacamos este \u00faltimo por su poder de transformaci\u00f3n sobre el progreso humano. Los gobiernos, desde la regulaci\u00f3n y educaci\u00f3n de sus [&hellip;]<\/p>\n","protected":false},"author":2,"featured_media":0,"comment_status":"closed","ping_status":"closed","sticky":false,"template":"","format":"standard","meta":{"footnotes":""},"categories":[1],"tags":[7,9,49,21,20,19,17,16,8],"_links":{"self":[{"href":"https:\/\/www.abintabogados.com\/web\/wp-json\/wp\/v2\/posts\/1320"}],"collection":[{"href":"https:\/\/www.abintabogados.com\/web\/wp-json\/wp\/v2\/posts"}],"about":[{"href":"https:\/\/www.abintabogados.com\/web\/wp-json\/wp\/v2\/types\/post"}],"author":[{"embeddable":true,"href":"https:\/\/www.abintabogados.com\/web\/wp-json\/wp\/v2\/users\/2"}],"replies":[{"embeddable":true,"href":"https:\/\/www.abintabogados.com\/web\/wp-json\/wp\/v2\/comments?post=1320"}],"version-history":[{"count":2,"href":"https:\/\/www.abintabogados.com\/web\/wp-json\/wp\/v2\/posts\/1320\/revisions"}],"predecessor-version":[{"id":1322,"href":"https:\/\/www.abintabogados.com\/web\/wp-json\/wp\/v2\/posts\/1320\/revisions\/1322"}],"wp:attachment":[{"href":"https:\/\/www.abintabogados.com\/web\/wp-json\/wp\/v2\/media?parent=1320"}],"wp:term":[{"taxonomy":"category","embeddable":true,"href":"https:\/\/www.abintabogados.com\/web\/wp-json\/wp\/v2\/categories?post=1320"},{"taxonomy":"post_tag","embeddable":true,"href":"https:\/\/www.abintabogados.com\/web\/wp-json\/wp\/v2\/tags?post=1320"}],"curies":[{"name":"wp","href":"https:\/\/api.w.org\/{rel}","templated":true}]}}