{"id":1448,"date":"2020-10-13T19:39:12","date_gmt":"2020-10-13T19:39:12","guid":{"rendered":"https:\/\/www.abintabogados.com\/web\/?p=1448"},"modified":"2020-10-13T19:39:12","modified_gmt":"2020-10-13T19:39:12","slug":"la-reputacion-analogica-y-el-derecho-a-olvidar","status":"publish","type":"post","link":"https:\/\/www.abintabogados.com\/web\/2020\/10\/13\/la-reputacion-analogica-y-el-derecho-a-olvidar\/","title":{"rendered":"La reputaci\u00f3n anal\u00f3gica y el Derecho a olvidar..!"},"content":{"rendered":"<p><a href=\"https:\/\/www.abintabogados.com\/web\/wp-content\/uploads\/2020\/10\/hhhhhhh.jpg\"><img fetchpriority=\"high\" decoding=\"async\" class=\"alignnone size-medium wp-image-1447\" alt=\"hhhhhhh\" src=\"https:\/\/www.abintabogados.com\/web\/wp-content\/uploads\/2020\/10\/hhhhhhh-200x300.jpg\" width=\"200\" height=\"300\" srcset=\"https:\/\/www.abintabogados.com\/web\/wp-content\/uploads\/2020\/10\/hhhhhhh-200x300.jpg 200w, https:\/\/www.abintabogados.com\/web\/wp-content\/uploads\/2020\/10\/hhhhhhh-600x898.jpg 600w, https:\/\/www.abintabogados.com\/web\/wp-content\/uploads\/2020\/10\/hhhhhhh-683x1024.jpg 683w, https:\/\/www.abintabogados.com\/web\/wp-content\/uploads\/2020\/10\/hhhhhhh-scaled.jpg 1710w\" sizes=\"(max-width: 200px) 100vw, 200px\" \/><\/a><\/p>\n<p style=\"text-align: justify;\"><a href=\"https:\/\/www.infobae.com\/tecno\/2018\/04\/24\/se-puede-desaparecer-de-la-web-que-es-y-como-funciona-el-derecho-al-olvido-en-la-argentina\/\" target=\"_blank\">El \u201cderecho al olvido\u201d<\/a>, la posibilidad de borrar del entorno digital datos personales o informaci\u00f3n que vinculada a la imagen propia, arroja pocas certezas en el pa\u00eds, al igual que en el resto de Latinoam\u00e9rica. \u00bfQu\u00e9 pasar\u00eda si cada individuo podr\u00eda elegir modificar sus huellas en la web? El derecho al olvido es un tema muy debatido porque la comunidad global no ha llegado a acuerdos profundos.<\/p>\n<p style=\"text-align: justify;\">Hay un contraste muy concreto: \u00bfDebemos darle el derecho a las personas de manejar su reputaci\u00f3n digital o eso tambi\u00e9n puede desembocar en que se eliminen cosas que uno realmente hizo y deber\u00eda hacerse cargo? \u00bfCu\u00e1nto atenta esto contra la libertad de expresi\u00f3n en internet? \u00bfVulnera derechos de otras personas?<\/p>\n<p style=\"text-align: justify;\">Como sucedi\u00f3 en tantos otros \u00e1mbitos, la pandemia aceler\u00f3 la discusi\u00f3n sobre la identidad virtual, demostrando el verdadero impacto de la cuarentena en la hiperconectividad y la gesti\u00f3n de los contenidos volcados en la red.<\/p>\n<p style=\"text-align: justify;\">Esta nueva realidad demostr\u00f3 dos grandes realidades: En primer lugar la desigualdad porque uno sin conectividad queda afuera del mundo y m\u00e1s en este contexto. Y despu\u00e9s exhibi\u00f3 la evoluci\u00f3n tecnol\u00f3gica per se con todos sus matices. Tenemos que reescribir sus l\u00edmites, que se desdibujaron.<\/p>\n<p style=\"text-align: justify;\">Por eso debemos visibilizar la existencia de la reputaci\u00f3n digital y trabajar esos valores que el mundo nos exige, como la empat\u00eda, la escucha activa, ser flexibles. Esto afecta desde grandes compa\u00f1\u00edas a individuos.<\/p>\n<p style=\"text-align: justify;\">Estamos madurando como sociedad para ser mucho m\u00e1s cuidadosos de la reputaci\u00f3n online y que se asemeje a lo que nosotros queremos. M\u00e1s all\u00e1 de que es una \u00e9poca de hipersensibilidad, que las redes potenciaron la polarizaci\u00f3n y parece que debemos tomar partido en todo, tenemos que trabajar la din\u00e1mica de la convivencia digital y encontrar un equilibrio y un uso m\u00e1s sano de la tecnolog\u00eda, haciendo olvidar lo que en la red est\u00e1 y que nada aporta a la sociedad.<\/p>\n","protected":false},"excerpt":{"rendered":"<p>El \u201cderecho al olvido\u201d, la posibilidad de borrar del entorno digital datos personales o informaci\u00f3n que vinculada a la imagen propia, arroja pocas certezas en el pa\u00eds, al igual que en el resto de Latinoam\u00e9rica. \u00bfQu\u00e9 pasar\u00eda si cada individuo podr\u00eda elegir modificar sus huellas en la web? El derecho al olvido es un tema muy debatido porque la comunidad [&hellip;]<\/p>\n","protected":false},"author":2,"featured_media":0,"comment_status":"closed","ping_status":"closed","sticky":false,"template":"","format":"standard","meta":{"footnotes":""},"categories":[1],"tags":[],"_links":{"self":[{"href":"https:\/\/www.abintabogados.com\/web\/wp-json\/wp\/v2\/posts\/1448"}],"collection":[{"href":"https:\/\/www.abintabogados.com\/web\/wp-json\/wp\/v2\/posts"}],"about":[{"href":"https:\/\/www.abintabogados.com\/web\/wp-json\/wp\/v2\/types\/post"}],"author":[{"embeddable":true,"href":"https:\/\/www.abintabogados.com\/web\/wp-json\/wp\/v2\/users\/2"}],"replies":[{"embeddable":true,"href":"https:\/\/www.abintabogados.com\/web\/wp-json\/wp\/v2\/comments?post=1448"}],"version-history":[{"count":2,"href":"https:\/\/www.abintabogados.com\/web\/wp-json\/wp\/v2\/posts\/1448\/revisions"}],"predecessor-version":[{"id":1450,"href":"https:\/\/www.abintabogados.com\/web\/wp-json\/wp\/v2\/posts\/1448\/revisions\/1450"}],"wp:attachment":[{"href":"https:\/\/www.abintabogados.com\/web\/wp-json\/wp\/v2\/media?parent=1448"}],"wp:term":[{"taxonomy":"category","embeddable":true,"href":"https:\/\/www.abintabogados.com\/web\/wp-json\/wp\/v2\/categories?post=1448"},{"taxonomy":"post_tag","embeddable":true,"href":"https:\/\/www.abintabogados.com\/web\/wp-json\/wp\/v2\/tags?post=1448"}],"curies":[{"name":"wp","href":"https:\/\/api.w.org\/{rel}","templated":true}]}}