{"id":1479,"date":"2020-10-27T20:45:43","date_gmt":"2020-10-27T20:45:43","guid":{"rendered":"https:\/\/www.abintabogados.com\/web\/?p=1479"},"modified":"2020-10-27T20:45:43","modified_gmt":"2020-10-27T20:45:43","slug":"el-olvido-en-las-redes-sociales","status":"publish","type":"post","link":"https:\/\/www.abintabogados.com\/web\/2020\/10\/27\/el-olvido-en-las-redes-sociales\/","title":{"rendered":"El olvido en las redes sociales."},"content":{"rendered":"<p><a href=\"https:\/\/www.abintabogados.com\/web\/wp-content\/uploads\/2020\/10\/images-35.jpg\"><img fetchpriority=\"high\" decoding=\"async\" class=\"alignnone size-full wp-image-1478\" alt=\"images (35)\" src=\"https:\/\/www.abintabogados.com\/web\/wp-content\/uploads\/2020\/10\/images-35.jpg\" width=\"270\" height=\"187\" \/><\/a><\/p>\n<p style=\"text-align: justify;\">Las\u00a0<b>redes sociales<\/b>\u00a0han modificado c\u00f3mo nos relacionamos con nuestro entorno social. Durante los primeros a\u00f1os de existencia, estas redes conformaron una nueva forma de conectarnos de manera personal y eran utilizadas en el \u00e1mbito de la vida privada de los usuarios. Compart\u00edamos fotos y opiniones las cu\u00e1les eran una extensi\u00f3n de nosotros mismos en la red. Con el desarrollo y especializaci\u00f3n de las redes, esta idea l\u00fadica de su uso se ha ido diluyendo.<\/p>\n<p style=\"text-align: justify;\">En uno de los \u00e1mbitos m\u00e1s\u00a0importantes de la vida, como es el trabajo, las redes lo han cambiado todo. Hoy en d\u00eda cuando entregamos un CV, lo primero que har\u00e1 la empresa ser\u00e1 ver nuestra huella digital. Por ello las redes sociales se est\u00e1n transformado, desde nuestro punto de vista, en redes laborales. Es un proceso inexorable. Uno podr\u00eda pensar que las redes en el \u00e1mbito laboral se reducen a LinkedIn, pero esa \u00e9poca ya pas\u00f3. Hoy Twitter, Facebook, Instagram est\u00e1n vinculados a la persona de una manera general, personal y profesional y no existe, como en la vida real, una separaci\u00f3n de las mismas.<\/p>\n<p style=\"text-align: justify;\">Como toda herramienta digital las redes son buenas o malas, seg\u00fan el uso que uno les d\u00e9. Como hemos comentado anteriormente el mayor precio a pagar es que nunca m\u00e1s, las redes podr\u00e1n ser utilizadas para un uso puramenteingenuo, a no ser que se creen carpetas para familias y amigos. Pero el principal problema de la importancia de la\u00a0<b>identidad digital<\/b>\u00a0est\u00e1 en el rastro que dejamos a lo largo de un tiempo de uso indebido de las mismas, ya sea por desconocimiento o por juventud. \u00bfTenemos derecho a poder borrar nuestra\u00a0<b>huella digital<\/b>?<\/p>\n<p style=\"text-align: justify;\">Por otro lado, no se puede negar que las redes aportan infinidad de ventajas a los usuarios, que las utilizan de una manera responsable. Que cualquier persona del mundo pueda compartir informaci\u00f3n y conocimiento es uno de los grandes hitos de nuestra historia reciente. Que un trabajador a trav\u00e9s de LinkedIn tenga acceso a una enorme oferta de trabajo en su pa\u00eds y fuera de \u00e9l, es inmensamente beneficioso, no s\u00f3lo para \u00e9l sino tambi\u00e9n para las empresas. Poder compartir momentos y recuerdos de tus amigos y seres queridos en cualquier momento y lugar es un lujo.<\/p>\n<p style=\"text-align: justify;\">A modo de conclusi\u00f3n cabe se\u00f1alar que las\u00a0<b>redes sociales<\/b>\u00a0pueden tener efectos muy negativos si las personas que las utilizan no est\u00e1n formadas para hacer un uso responsable. Ser\u00eda bueno que los j\u00f3venes antes de utilizar las redes, recibieran talleres y seminarios en colegios e institutos, en los cu\u00e1les se hiciese hincapi\u00e9, en que las redes sociales son una extensi\u00f3n de la propia vida. Las herramientas son muy \u00fatiles si sabemos utilizarlas, y las redes sociales componen una herramienta fundamental para la vida en sociedad tal y como la conocemos hoy en d\u00eda.<\/p>\n","protected":false},"excerpt":{"rendered":"<p>Las\u00a0redes sociales\u00a0han modificado c\u00f3mo nos relacionamos con nuestro entorno social. Durante los primeros a\u00f1os de existencia, estas redes conformaron una nueva forma de conectarnos de manera personal y eran utilizadas en el \u00e1mbito de la vida privada de los usuarios. Compart\u00edamos fotos y opiniones las cu\u00e1les eran una extensi\u00f3n de nosotros mismos en la red. Con el desarrollo y especializaci\u00f3n [&hellip;]<\/p>\n","protected":false},"author":2,"featured_media":0,"comment_status":"closed","ping_status":"closed","sticky":false,"template":"","format":"standard","meta":{"footnotes":""},"categories":[1],"tags":[],"_links":{"self":[{"href":"https:\/\/www.abintabogados.com\/web\/wp-json\/wp\/v2\/posts\/1479"}],"collection":[{"href":"https:\/\/www.abintabogados.com\/web\/wp-json\/wp\/v2\/posts"}],"about":[{"href":"https:\/\/www.abintabogados.com\/web\/wp-json\/wp\/v2\/types\/post"}],"author":[{"embeddable":true,"href":"https:\/\/www.abintabogados.com\/web\/wp-json\/wp\/v2\/users\/2"}],"replies":[{"embeddable":true,"href":"https:\/\/www.abintabogados.com\/web\/wp-json\/wp\/v2\/comments?post=1479"}],"version-history":[{"count":1,"href":"https:\/\/www.abintabogados.com\/web\/wp-json\/wp\/v2\/posts\/1479\/revisions"}],"predecessor-version":[{"id":1480,"href":"https:\/\/www.abintabogados.com\/web\/wp-json\/wp\/v2\/posts\/1479\/revisions\/1480"}],"wp:attachment":[{"href":"https:\/\/www.abintabogados.com\/web\/wp-json\/wp\/v2\/media?parent=1479"}],"wp:term":[{"taxonomy":"category","embeddable":true,"href":"https:\/\/www.abintabogados.com\/web\/wp-json\/wp\/v2\/categories?post=1479"},{"taxonomy":"post_tag","embeddable":true,"href":"https:\/\/www.abintabogados.com\/web\/wp-json\/wp\/v2\/tags?post=1479"}],"curies":[{"name":"wp","href":"https:\/\/api.w.org\/{rel}","templated":true}]}}