{"id":1516,"date":"2020-11-28T15:09:15","date_gmt":"2020-11-28T15:09:15","guid":{"rendered":"https:\/\/www.abintabogados.com\/web\/?p=1516"},"modified":"2020-11-28T15:09:15","modified_gmt":"2020-11-28T15:09:15","slug":"la-proteccion-del-derecho-al-olvido","status":"publish","type":"post","link":"https:\/\/www.abintabogados.com\/web\/2020\/11\/28\/la-proteccion-del-derecho-al-olvido\/","title":{"rendered":"La protecci\u00f3n del derecho al olvido"},"content":{"rendered":"<p><a href=\"https:\/\/www.abintabogados.com\/web\/wp-content\/uploads\/2020\/11\/images-1.jpg\"><img fetchpriority=\"high\" decoding=\"async\" class=\"alignnone size-full wp-image-1511\" alt=\"images (1)\" src=\"https:\/\/www.abintabogados.com\/web\/wp-content\/uploads\/2020\/11\/images-1.jpg\" width=\"299\" height=\"168\" \/><\/a><\/p>\n<p style=\"text-align: justify;\">La evoluci\u00f3n de Internet, ha planteado nuevas posibilidades de crear y acceder a la informaci\u00f3n en este medio; situaci\u00f3n que obliga a considerar las repercusiones de la tecnolog\u00eda, que en principio es neutral sobre los derechos de las personas y en particular respecto al derecho a la privacidad y protecci\u00f3n de datos personales.<\/p>\n<p style=\"text-align: justify;\">En la actualidad, se observa que las herramientas de m\u00e1s \u00e9xito en la Red son aquellas que est\u00e1n destinadas a ser alimentadas a trav\u00e9s de la aportaci\u00f3n de los propios individuos que las emplean, y cada vez es mayor el n\u00famero de aplicaciones en las que el usuario deja de ser mero espectador para convertirse en difusor de informaci\u00f3n personal, propia y de terceros. Es este uno de los \u00e1mbitos donde est\u00e1n emergiendo nuevos conflictos relacionados con la privacidad.<\/p>\n<p style=\"text-align: justify;\"><b>El derecho al \u2018olvido digital\u2019<\/b><\/p>\n<p style=\"text-align: justify;\">Basta con una simple b\u00fasqueda en Internet para encontrar numerosa informaci\u00f3n de una persona, donde a menudo parte de la misma ha sido publicada por terceros. Por otro lado, nuestra actividad en Internet adquiere cada vez mayor proyecci\u00f3n en nuestra vida privada, lo que unido al hecho de que la Red ocupe cada vez un mayor espacio en los h\u00e1bitos cotidianos de la ciudadan\u00eda, hace necesario reflexionar ante el impacto de esta herramienta, imprescindible en la sociedad actual, en el \u00e1mbito de la privacidad.<\/p>\n<p style=\"text-align: justify;\">El car\u00e1cter global y universal de la Red, as\u00ed como el hecho de la permanencia y f\u00e1cil acceso de la informaci\u00f3n contenida en ella, ponen de relieve la necesidad de que, de una parte, los usuarios tomen conciencia de las informaciones -propias y de terceros- que suministran, con el fin de evitar una posible p\u00e9rdida de control de las mismas cuando se incorporen en Internet; y de otra, que se dote a al usuario de mecanismos efectivos de defensa ante los riesgos que pueda entra\u00f1ar el imparable desarrollo de este sistema.<\/p>\n<p style=\"text-align: justify;\">En los \u00faltimos a\u00f1os parec\u00eda afianzarse la afirmaci\u00f3n de que \u2018quien no est\u00e1 en Internet no existe\u2019. Sin duda ello ha contribuido a la notable expansi\u00f3n de servicios como redes sociales o foros de Internet. Sin embargo, es claro c\u00f3mo, una vez superado este espejismo de la notoriedad otorgada por la presencia en Internet, son cada vez m\u00e1s la voces que reclaman la necesidad de unos l\u00edmites y de dotar al ciudadano de mecanismos de garant\u00eda de sus derechos, principalmente cuando se trate de informaciones no reveladas ni difundidas por ellos.<\/p>\n<p style=\"text-align: justify;\">As\u00ed, con mayor frecuencia se percibe que hay muchos usuarios de Internet que aunque en origen pod\u00edan estar encantados con aparecer en buscadores o redes sociales, hoy por el contrario perciben que esto les plantea problemas personales y quieren evitar que siga manteni\u00e9ndose esa informaci\u00f3n personal en la Red y borrar el rastro que han dejado durante el tiempo que han utilizado Internet.<\/p>\n<p style=\"text-align: justify;\">Casos vinculados a despidos laborales por informaciones publicadas en redes sociales o informaciones relativas a pr\u00e1cticas de empresas de selecci\u00f3n de personal que rastrean la Red para analizar a candidatos a puestos de trabajo son algunos de los supuestos por los que los ciudadanos quieren desaparecer o restringir su presencia en la Red.<\/p>\n<p style=\"text-align: justify;\">Pero adem\u00e1s, la difusi\u00f3n y recuperaci\u00f3n de informaci\u00f3n personal en Internet puede entra\u00f1ar perjuicios personales todav\u00eda mayores si tenemos en cuenta situaciones y casos vinculados a la indexaci\u00f3n en buscadores de datos publicados en diarios oficiales o medios de comunicaci\u00f3n y referidos a materias tan sensibles como la publicaci\u00f3n de indultos, condenas, o la concesi\u00f3n de ayudas o beneficios a drogodependientes o v\u00edctimas de violencia dom\u00e9stica, con identificaci\u00f3n de sus beneficiarios.<\/p>\n<p style=\"text-align: justify;\">Mientras en la vida real el ciudadano otorga sus datos para una finalidad concreta y existe la posibilidad de que \u00e9stos se cancelen una vez agotada su finalidad, en Internet entran en juego elementos como los motores de b\u00fasqueda, que adem\u00e1s de generar una multiplicaci\u00f3n sin l\u00edmites de la informaci\u00f3n, la dotan de un car\u00e1cter \u2018cuasi eterno\u2019 que puede alterar la l\u00ednea del tiempo.<\/p>\n<p style=\"text-align: justify;\">Ante esta circunstancia, \u00bfexiste o disponen los ciudadanos de mecanismos efectivos para ejercer su \u2018derecho al olvido digital\u2019? En teor\u00eda, todo ciudadano debe tener control y disposici\u00f3n sobre sus datos; m\u00e1s a\u00fan cuando la difusi\u00f3n de cierta informaci\u00f3n personal puede tener un impacto muy negativo en la vida diaria. Asimismo, y aparte de los posibles perjuicios que pueda entra\u00f1ar a una persona esa difusi\u00f3n masiva en Internet, debemos insistir en que ning\u00fan ciudadano que no sea objeto de hecho noticiable de relevancia p\u00fablica tiene que resignarse a que sus datos se difundan en Internet sin poder reaccionar ni corregir su inclusi\u00f3n.<\/p>\n<p style=\"text-align: justify;\">Por esto, uno de los principales retos actuales es dotar a los ciudadanos de mecanismos reales y efectivos de garant\u00eda de este llamado \u2018derecho al olvido digital\u2019, ante situaciones que puedan poner en riesgo, no ya s\u00f3lo la vida privada de las personas, sino el conjunto de sus libertades.<\/p>\n<p style=\"text-align: justify;\">En esta l\u00ednea parecen encaminarse en los \u00faltimos tiempos diversas iniciativas por parte de los poderes p\u00fablicos para dotar a los ciudadanos de estos necesarios mecanismos de defensa y un control real sobre la informaci\u00f3n personal que se publica en la Red. As\u00ed, recientemente en Alemania se anunciaba un proyecto de Ley que contempla controlar el acceso y uso de los empleadores a las informaciones publicadas en servicios de Internet, como redes sociales, de trabajadores o solicitantes de un puesto de trabajo. Por su parte, en el pasado mes de mayo, el Gobierno galo abr\u00eda una consulta p\u00fablica para ciudadanos y empresas del sector tecnol\u00f3gico sobre la necesidad de regular el derecho al olvido en Internet. Tambi\u00e9n la Comisi\u00f3n Europea anunciaba que se dispone a revisar la legislaci\u00f3n de la UE sobre protecci\u00f3n de datos, para otorgar a los usuarios de Internet un \u2018control efectivo\u2019 sobre sus datos personales y reflexionar sobre el \u2018derecho al olvido\u2019 en el mundo virtual.<\/p>\n","protected":false},"excerpt":{"rendered":"<p>La evoluci\u00f3n de Internet, ha planteado nuevas posibilidades de crear y acceder a la informaci\u00f3n en este medio; situaci\u00f3n que obliga a considerar las repercusiones de la tecnolog\u00eda, que en principio es neutral sobre los derechos de las personas y en particular respecto al derecho a la privacidad y protecci\u00f3n de datos personales. En la actualidad, se observa que las [&hellip;]<\/p>\n","protected":false},"author":2,"featured_media":0,"comment_status":"closed","ping_status":"closed","sticky":false,"template":"","format":"standard","meta":{"footnotes":""},"categories":[1],"tags":[],"_links":{"self":[{"href":"https:\/\/www.abintabogados.com\/web\/wp-json\/wp\/v2\/posts\/1516"}],"collection":[{"href":"https:\/\/www.abintabogados.com\/web\/wp-json\/wp\/v2\/posts"}],"about":[{"href":"https:\/\/www.abintabogados.com\/web\/wp-json\/wp\/v2\/types\/post"}],"author":[{"embeddable":true,"href":"https:\/\/www.abintabogados.com\/web\/wp-json\/wp\/v2\/users\/2"}],"replies":[{"embeddable":true,"href":"https:\/\/www.abintabogados.com\/web\/wp-json\/wp\/v2\/comments?post=1516"}],"version-history":[{"count":1,"href":"https:\/\/www.abintabogados.com\/web\/wp-json\/wp\/v2\/posts\/1516\/revisions"}],"predecessor-version":[{"id":1517,"href":"https:\/\/www.abintabogados.com\/web\/wp-json\/wp\/v2\/posts\/1516\/revisions\/1517"}],"wp:attachment":[{"href":"https:\/\/www.abintabogados.com\/web\/wp-json\/wp\/v2\/media?parent=1516"}],"wp:term":[{"taxonomy":"category","embeddable":true,"href":"https:\/\/www.abintabogados.com\/web\/wp-json\/wp\/v2\/categories?post=1516"},{"taxonomy":"post_tag","embeddable":true,"href":"https:\/\/www.abintabogados.com\/web\/wp-json\/wp\/v2\/tags?post=1516"}],"curies":[{"name":"wp","href":"https:\/\/api.w.org\/{rel}","templated":true}]}}