{"id":1534,"date":"2020-12-04T22:20:16","date_gmt":"2020-12-04T22:20:16","guid":{"rendered":"https:\/\/www.abintabogados.com\/web\/?p=1534"},"modified":"2020-12-04T22:20:16","modified_gmt":"2020-12-04T22:20:16","slug":"la-configuracion-del-derecho-al-olvido","status":"publish","type":"post","link":"https:\/\/www.abintabogados.com\/web\/2020\/12\/04\/la-configuracion-del-derecho-al-olvido\/","title":{"rendered":"La configuraci\u00f3n del \u2018derecho al olvido\u2019"},"content":{"rendered":"<p><a href=\"https:\/\/www.abintabogados.com\/web\/wp-content\/uploads\/2020\/12\/pexels-photo-3194519.jpeg\"><img fetchpriority=\"high\" decoding=\"async\" class=\"alignnone size-medium wp-image-1525\" alt=\"pexels-photo-3194519\" src=\"https:\/\/www.abintabogados.com\/web\/wp-content\/uploads\/2020\/12\/pexels-photo-3194519-200x300.jpeg\" width=\"200\" height=\"300\" srcset=\"https:\/\/www.abintabogados.com\/web\/wp-content\/uploads\/2020\/12\/pexels-photo-3194519-200x300.jpeg 200w, https:\/\/www.abintabogados.com\/web\/wp-content\/uploads\/2020\/12\/pexels-photo-3194519.jpeg 500w\" sizes=\"(max-width: 200px) 100vw, 200px\" \/><\/a><\/p>\n<p style=\"text-align: justify;\">El Derecho al olvido proporciona al interesado la posibilidad de requerir que sus datos personales \u201cdesaparezcan\u201d de Internet.<\/p>\n<p style=\"text-align: justify;\">El\u00a0Derecho al olvido\u00a0es el\u00a0derecho de toda persona\u00a0a que sean\u00a0suprimidos los datos personales\u00a0que\u00a0hubiese facilitado para su publicaci\u00f3n\u00a0por servicios de redes sociales y de la Sociedad de la Informaci\u00f3n equivalente. As\u00ed como los datos personales facilitados por terceros y que sean:<\/p>\n<ul style=\"text-align: justify;\">\n<li>Inadecuados.<\/li>\n<li>Inexactos.<\/li>\n<li>No pertinentes.<\/li>\n<li>No actualizados.<\/li>\n<li>Excesivos.<\/li>\n<\/ul>\n<p style=\"text-align: justify;\"><span style=\"text-decoration: underline;\">El Derecho al olvido puede ejercerse\u00a0ante<\/span>:<\/p>\n<ul style=\"text-align: justify;\">\n<li>Responsable del tratamiento de los datos personales del interesado.<\/li>\n<li>Buscadores de Internet.<\/li>\n<\/ul>\n<p style=\"text-align: justify;\">Constatamos en los \u00faltimos tiempos c\u00f3mo los ciudadanos toman conciencia de su privacidad y de c\u00f3mo hacer valer sus derechos, incluso en el aparentemente incontrolable mundo virtual. De este modo se observa que un n\u00famero creciente de ciudadanos han reaccionado reclamando su \u2018derecho al olvido en Internet\u2019, invocando a los instrumentos de defensa jur\u00eddica de los que disponen mediante la solicitud de tutela de sus derechos de oposici\u00f3n y cancelaci\u00f3n respecto a informaciones publicadas en Internet. En los \u00faltimos tiempos se observa un notable incremento en las reclamaciones atendidas relativas a la publicaci\u00f3n y difusi\u00f3n de datos personales en p\u00e1ginas de Internet, redes sociales, foros y portales de v\u00eddeo.<\/p>\n<p style=\"text-align: justify;\">En diversas decisiones obtenidas, en respuesta a solicitudes de ciudadanos pidiendo la cancelaci\u00f3n de sus datos personales en p\u00e1ginas web y servicios de Internet, se ha resuelto instando a los responsables de los sitios web que alojan la informaci\u00f3n personal a cancelarlas. En l\u00edneas generales, la fundamentaci\u00f3n de dichas decisiones se asienta en ausencia de criterios que permitan otorgar una prevalencia del derecho a la libertad de expresi\u00f3n sobre el derecho a la protecci\u00f3n de datos.<\/p>\n<p style=\"text-align: justify;\">En el criterio establecido se pone de manifiesto que, si bien las informaciones publicadas en lugares como foros de Internet, pudieran constituir una manifestaci\u00f3n de la libertad de expresi\u00f3n de los particulares, la prevalencia de las libertades de expresi\u00f3n e informaci\u00f3n frente al derecho fundamental a la protecci\u00f3n de datos no puede entenderse de forma absoluta.<\/p>\n","protected":false},"excerpt":{"rendered":"<p>El Derecho al olvido proporciona al interesado la posibilidad de requerir que sus datos personales \u201cdesaparezcan\u201d de Internet. El\u00a0Derecho al olvido\u00a0es el\u00a0derecho de toda persona\u00a0a que sean\u00a0suprimidos los datos personales\u00a0que\u00a0hubiese facilitado para su publicaci\u00f3n\u00a0por servicios de redes sociales y de la Sociedad de la Informaci\u00f3n equivalente. As\u00ed como los datos personales facilitados por terceros y que sean: Inadecuados. Inexactos. No [&hellip;]<\/p>\n","protected":false},"author":2,"featured_media":0,"comment_status":"closed","ping_status":"closed","sticky":false,"template":"","format":"standard","meta":{"footnotes":""},"categories":[1],"tags":[],"_links":{"self":[{"href":"https:\/\/www.abintabogados.com\/web\/wp-json\/wp\/v2\/posts\/1534"}],"collection":[{"href":"https:\/\/www.abintabogados.com\/web\/wp-json\/wp\/v2\/posts"}],"about":[{"href":"https:\/\/www.abintabogados.com\/web\/wp-json\/wp\/v2\/types\/post"}],"author":[{"embeddable":true,"href":"https:\/\/www.abintabogados.com\/web\/wp-json\/wp\/v2\/users\/2"}],"replies":[{"embeddable":true,"href":"https:\/\/www.abintabogados.com\/web\/wp-json\/wp\/v2\/comments?post=1534"}],"version-history":[{"count":1,"href":"https:\/\/www.abintabogados.com\/web\/wp-json\/wp\/v2\/posts\/1534\/revisions"}],"predecessor-version":[{"id":1535,"href":"https:\/\/www.abintabogados.com\/web\/wp-json\/wp\/v2\/posts\/1534\/revisions\/1535"}],"wp:attachment":[{"href":"https:\/\/www.abintabogados.com\/web\/wp-json\/wp\/v2\/media?parent=1534"}],"wp:term":[{"taxonomy":"category","embeddable":true,"href":"https:\/\/www.abintabogados.com\/web\/wp-json\/wp\/v2\/categories?post=1534"},{"taxonomy":"post_tag","embeddable":true,"href":"https:\/\/www.abintabogados.com\/web\/wp-json\/wp\/v2\/tags?post=1534"}],"curies":[{"name":"wp","href":"https:\/\/api.w.org\/{rel}","templated":true}]}}