{"id":1564,"date":"2021-01-10T21:20:15","date_gmt":"2021-01-10T21:20:15","guid":{"rendered":"https:\/\/www.abintabogados.com\/web\/?p=1564"},"modified":"2021-01-10T21:20:15","modified_gmt":"2021-01-10T21:20:15","slug":"la-pension-de-invalidez-en-colombia","status":"publish","type":"post","link":"https:\/\/www.abintabogados.com\/web\/2021\/01\/10\/la-pension-de-invalidez-en-colombia\/","title":{"rendered":"La pensi\u00f3n de invalidez en Colombia."},"content":{"rendered":"<p><a href=\"https:\/\/www.abintabogados.com\/web\/wp-content\/uploads\/2021\/01\/NRHQNYHBJFDWTBI2L2NHZFETSQ.jpg\"><img fetchpriority=\"high\" decoding=\"async\" class=\"alignnone size-medium wp-image-1563\" alt=\"NRHQNYHBJFDWTBI2L2NHZFETSQ\" src=\"https:\/\/www.abintabogados.com\/web\/wp-content\/uploads\/2021\/01\/NRHQNYHBJFDWTBI2L2NHZFETSQ-300x170.jpg\" width=\"300\" height=\"170\" srcset=\"https:\/\/www.abintabogados.com\/web\/wp-content\/uploads\/2021\/01\/NRHQNYHBJFDWTBI2L2NHZFETSQ-300x170.jpg 300w, https:\/\/www.abintabogados.com\/web\/wp-content\/uploads\/2021\/01\/NRHQNYHBJFDWTBI2L2NHZFETSQ.jpg 580w\" sizes=\"(max-width: 300px) 100vw, 300px\" \/><\/a><\/p>\n<p style=\"text-align: justify;\">Como ninguna persona est\u00e1 exenta de accidentes que pueden resultar graves al punto de generar un estado de invalidez que le impida volver a trabajar, en este art\u00edculo presentamos las principales inquietudes sobre este interesante tema.<\/p>\n<p style=\"text-align: justify;\">La pensi\u00f3n de invalidez que se concede al afiliado cuando haya perdido el 50% o m\u00e1s de su capacidad laboral, es reconocida por dos v\u00edas: en el Sistema General de Pensiones, cuando es de origen com\u00fan o por el Sistema de Riesgos Laborales cuando es de tipo profesional.<\/p>\n<p style=\"text-align: justify;\">La Corte Suprema de Justicia ha precisado que la norma aplicable para definir los requisitos que debe cumplir el afiliado para obtener la pensi\u00f3n de invalidez, es la que estaba vigente a la fecha en que se estructur\u00f3 la invalidez.<\/p>\n<p style=\"text-align: justify;\">Insistiendo en que para el Sistema General de Pensiones un afiliado es considerado inv\u00e1lido cuando pierde el 50 % de su capacidad laboral, si la invalidez se causa por enfermedad esa persona debe haber cotizado 50 semanas dentro de los \u00faltimos tres a\u00f1os inmediatamente anteriores a la fecha de estructuraci\u00f3n.<\/p>\n<p style=\"text-align: justify;\">Cuando la invalidez se cause por accidente de trabajo o por una enfermedad laboral, si el afiliado es mayor de 20 a\u00f1os debe haber cotizado 50 semanas o m\u00e1s dentro de los \u00faltimos tres a\u00f1os inmediatamente anteriores a la fecha de estructuraci\u00f3n de dicha invalidez.<\/p>\n<p style=\"text-align: justify;\">Los menores de 20 a\u00f1os s\u00f3lo deber\u00e1n acreditar que han cotizado 26 semanas en el \u00faltimo a\u00f1o inmediatamente anterior al hecho causante de su invalidez o su declaratoria.<\/p>\n<p style=\"text-align: justify;\">Cuando el afiliado haya cotizado por lo menos el 75 % de las semanas m\u00ednimas requeridas para acceder a la pensi\u00f3n de vejez, solo se requerir\u00e1 que haya cotizado 25 semanas en los \u00faltimos tres a\u00f1os.<\/p>\n<p style=\"text-align: justify;\">Cabe precisar que estos requisitos aplican para los dos reg\u00edmenes. No obstante, si el afiliado se encuentra en estado de invalidez y no ha cotizado el suficiente n\u00famero de semanas para acceder a la pensi\u00f3n puede optar por el retorno de los aportes a trav\u00e9s de dos figuras: (i) indemnizaci\u00f3n sustitutiva de la pensi\u00f3n de invalidez en el r\u00e9gimen de prima media y (ii) devoluci\u00f3n de saldos por invalidez en el r\u00e9gimen de ahorro individual.<\/p>\n<p style=\"text-align: justify;\">En Colombia hay dos reg\u00edmenes de pensi\u00f3n: el R\u00e9gimen de Ahorro Individual con Solidaridad (RAIS), bajo el que operan las Administradoras Privadas de Fondos de Pensi\u00f3n (AFP), como Colfondos o Porvenir; y el R\u00e9gimen de Prima Media (RPM), administrado por Colpensiones. Se trata de dos reg\u00edmenes excluyentes entre s\u00ed, que si bien se rigen por algunos principios comunes y disposiciones generales, tienen regulaci\u00f3n propia.<\/p>\n<p style=\"text-align: justify;\">El RPM es el mecanismo mediante el cual los afiliados o sus beneficiarios obtienen una pensi\u00f3n de vejez, invalidez o sobrevivientes o, en su defecto, la indemnizaci\u00f3n sustitutiva, seg\u00fan lo establecido en la ley.<\/p>\n<p style=\"text-align: justify;\">A este r\u00e9gimen ser\u00e1n aplicables las disposiciones vigentes para los seguros de invalidez, vejez y muerte a cargo de Colpensiones, y tiene las siguientes caracter\u00edsticas:<\/p>\n<p style=\"text-align: justify;\">\u00b7 Los aportes de los afiliados y sus rendimientos constituyen un fondo com\u00fan de naturaleza p\u00fablica, que garantiza el pago de las prestaciones de quienes tengan la calidad de pensionados.<\/p>\n<p style=\"text-align: justify;\">\u00b7 El Estado garantiza el pago de los beneficios a los cuales se hacen acreedores los afiliados y sus beneficiarios.<\/p>\n<p style=\"text-align: justify;\">\u00b7 La persona se pensiona cuando ha cumplido 62 a\u00f1os si es hombre y 57 si es mujer. En ambos casos, debe haber cotizado por lo menos 1.300 semanas.<\/p>\n<p style=\"text-align: justify;\">El RAIS es un r\u00e9gimen del sistema general de pensiones que es gestionado por fondos privados de pensi\u00f3n, como Colfondos o Porvenir, en el cual cada persona se financia su propia pensi\u00f3n con los aportes que realice durante su vida.<\/p>\n<p style=\"text-align: justify;\">Caracter\u00edsticas:<\/p>\n<p style=\"text-align: justify;\">\u2022 Los aportes van a una Cuenta de Ahorro Individual de propiedad del cotizante.<\/p>\n<p style=\"text-align: justify;\">\u2022 El afiliado se pensiona cuando acumule en su cuenta individual el capital suficiente para financiar su propia pensi\u00f3n.<\/p>\n<p style=\"text-align: justify;\"><b>\u00bfCu\u00e1ndo una persona se considera inv\u00e1lida en el Sistema General de Pensiones?<\/b><\/p>\n<p style=\"text-align: justify;\">Se considera cuando el afiliado pierde el 50 % o m\u00e1s de su capacidad laboral por un riesgo com\u00fan.<\/p>\n<p style=\"text-align: justify;\"><b>\u00bfCu\u00e1ndo un persona se considera inv\u00e1lida en el Sistema de Riesgos Laborales?<\/b><\/p>\n<p style=\"text-align: justify;\">Ser\u00e1 inv\u00e1lido cuando como consecuencias de un accidente de trabajo o una enfermedad laboral ha perdido el 50 % o m\u00e1s de su capacidad laboral.<\/p>\n<p style=\"text-align: justify;\"><b>Como norma general, \u00bfes viable reclamar el reconocimiento y pago de la pensi\u00f3n de invalidez a trav\u00e9s de la acci\u00f3n de Tutela?<\/b><\/p>\n<p style=\"text-align: justify;\">Esta circunstancia solo ser\u00e1 viable cuando el reclamante logre demostrar, entre otras cosas, que se encuentra en circunstancias de<a href=\"https:\/\/www.corteconstitucional.gov.co\/relatoria\/2016\/t-080-16.htm\" target=\"_blank\">\u00a0indefensi\u00f3n, vulnerabilidad y debilidad manifiesta.<\/a><\/p>\n<p style=\"text-align: justify;\"><b>\u00bfC\u00f3mo se determina el grado de invalidez de una persona?<\/b><\/p>\n<p style=\"text-align: justify;\">Para determinar si una persona es inv\u00e1lida o no, la Administradora de Riesgos Laborales (ARL), la entidad de pensiones y las Juntas de Calificaci\u00f3n de Invalidez deben aplicar el Manual \u00danico de Calificaci\u00f3n de Invalidez expedido por el Gobierno Nacional.<\/p>\n<p style=\"text-align: justify;\"><b>Durante el proceso de calificaci\u00f3n de invalidez las entidades de seguridad social y las Juntas de Calificaci\u00f3n de Invalidez \u00bfdeben hacer una evaluaci\u00f3n integral del individuo?<\/b><\/p>\n<p style=\"text-align: justify;\">Con la expedici\u00f3n de la sentencia<a href=\"https:\/\/www.corteconstitucional.gov.co\/relatoria\/2005\/C-425-05.htm\" target=\"_blank\">\u00a0C-425 de 2005<\/a>\u00a0de la Corte Constitucional, al momento de calificar la invalidez las entidades competentes deben analizar integralmente al individuo (tanto sus patolog\u00edas de origen com\u00fan, como las de origen laboral) y pagar las prestaciones a que tenga derecho como resultado de dicha valoraci\u00f3n.\u00a0<a href=\"https:\/\/www.corteconstitucional.gov.co\/relatoria\/2016\/T-093-16.htm\" target=\"_blank\">Una valoraci\u00f3n parcializada, en criterio de ese alto Tribunal, viola el derecho a la igualdad.<\/a><\/p>\n<p style=\"text-align: justify;\"><b>\u00bfA partir de qu\u00e9 momento se le comienza a pagar a un trabajador una pensi\u00f3n de invalidez?<\/b><\/p>\n<p style=\"text-align: justify;\">La pensi\u00f3n de invalidez se le pagar\u00e1 al afiliado desde el mismo d\u00eda que se le estructure la invalidez.<\/p>\n<p style=\"text-align: justify;\"><b>Cuando el estado de invalidez se origine en la ocurrencia de un accidente, \u00bfla fecha de estructuraci\u00f3n siempre es el la ocurrencia de dicho evento?<\/b><\/p>\n<p style=\"text-align: justify;\">No. L<a href=\"https:\/\/normativa.colpensiones.gov.co\/colpens\/docs\/arbol\/47677.htm\" target=\"_blank\">a\u00a0Corte Suprema aclar\u00f3 que la fecha de estructuraci\u00f3n<\/a><a href=\"https:\/\/normativa.colpensiones.gov.co\/colpens\/docs\/arbol\/47677.htm\">\u00a0<\/a>ser\u00e1 aquella en la que se tenga certeza que no existen posibilidades de mejor\u00eda o curaci\u00f3n del afiliado, situaci\u00f3n que puede o no coincidir con la fecha de ocurrencia del accidente.<\/p>\n","protected":false},"excerpt":{"rendered":"<p>Como ninguna persona est\u00e1 exenta de accidentes que pueden resultar graves al punto de generar un estado de invalidez que le impida volver a trabajar, en este art\u00edculo presentamos las principales inquietudes sobre este interesante tema. La pensi\u00f3n de invalidez que se concede al afiliado cuando haya perdido el 50% o m\u00e1s de su capacidad laboral, es reconocida por dos [&hellip;]<\/p>\n","protected":false},"author":2,"featured_media":0,"comment_status":"closed","ping_status":"closed","sticky":false,"template":"","format":"standard","meta":{"footnotes":""},"categories":[1],"tags":[7,9,21,6],"_links":{"self":[{"href":"https:\/\/www.abintabogados.com\/web\/wp-json\/wp\/v2\/posts\/1564"}],"collection":[{"href":"https:\/\/www.abintabogados.com\/web\/wp-json\/wp\/v2\/posts"}],"about":[{"href":"https:\/\/www.abintabogados.com\/web\/wp-json\/wp\/v2\/types\/post"}],"author":[{"embeddable":true,"href":"https:\/\/www.abintabogados.com\/web\/wp-json\/wp\/v2\/users\/2"}],"replies":[{"embeddable":true,"href":"https:\/\/www.abintabogados.com\/web\/wp-json\/wp\/v2\/comments?post=1564"}],"version-history":[{"count":1,"href":"https:\/\/www.abintabogados.com\/web\/wp-json\/wp\/v2\/posts\/1564\/revisions"}],"predecessor-version":[{"id":1565,"href":"https:\/\/www.abintabogados.com\/web\/wp-json\/wp\/v2\/posts\/1564\/revisions\/1565"}],"wp:attachment":[{"href":"https:\/\/www.abintabogados.com\/web\/wp-json\/wp\/v2\/media?parent=1564"}],"wp:term":[{"taxonomy":"category","embeddable":true,"href":"https:\/\/www.abintabogados.com\/web\/wp-json\/wp\/v2\/categories?post=1564"},{"taxonomy":"post_tag","embeddable":true,"href":"https:\/\/www.abintabogados.com\/web\/wp-json\/wp\/v2\/tags?post=1564"}],"curies":[{"name":"wp","href":"https:\/\/api.w.org\/{rel}","templated":true}]}}