{"id":1583,"date":"2021-01-17T18:55:19","date_gmt":"2021-01-17T18:55:19","guid":{"rendered":"https:\/\/www.abintabogados.com\/web\/?p=1583"},"modified":"2021-01-17T18:55:19","modified_gmt":"2021-01-17T18:55:19","slug":"el-odio-debe-ser-acabado-en-las-redes-sociales-pero-no-por-silicon-valley-el-dilema-de-las-redes-sociales","status":"publish","type":"post","link":"https:\/\/www.abintabogados.com\/web\/2021\/01\/17\/el-odio-debe-ser-acabado-en-las-redes-sociales-pero-no-por-silicon-valley-el-dilema-de-las-redes-sociales\/","title":{"rendered":"El odio debe ser acabado en las redes sociales, pero no por Silicon Valley. El dilema de las redes sociales."},"content":{"rendered":"<p><a href=\"https:\/\/www.abintabogados.com\/web\/wp-content\/uploads\/2021\/01\/rs.jpeg\"><img fetchpriority=\"high\" decoding=\"async\" class=\"alignnone size-medium wp-image-1582\" alt=\"rs\" src=\"https:\/\/www.abintabogados.com\/web\/wp-content\/uploads\/2021\/01\/rs-300x199.jpeg\" width=\"300\" height=\"199\" srcset=\"https:\/\/www.abintabogados.com\/web\/wp-content\/uploads\/2021\/01\/rs-300x199.jpeg 300w, https:\/\/www.abintabogados.com\/web\/wp-content\/uploads\/2021\/01\/rs.jpeg 500w\" sizes=\"(max-width: 300px) 100vw, 300px\" \/><\/a><\/p>\n<p style=\"text-align: justify;\"><span style=\"text-align: justify;\">Una de las causas menos conocidas del genocidio de Ruanda, donde cerca de un mill\u00f3n de personas fueron masacradas a machetazos en 1994, fue la libertad de expresi\u00f3n mal entendida. Pol\u00edticos, activistas y periodistas hutus prepararon el terreno e incitaron el exterminio de los tutsis a trav\u00e9s de\u00a0<\/span><a style=\"text-align: justify;\" href=\"https:\/\/www.theatlantic.com\/ideas\/archive\/2019\/04\/rwanda-shows-how-hateful-speech-leads-violence\/587041\/\" target=\"_blank\">una campa\u00f1a de odio<\/a><span style=\"text-align: justify;\">\u00a0que utiliz\u00f3 la emisora RTLM como altavoz. Uno de los mensajes m\u00e1s repetidos describ\u00eda a los miembros de la etnia rival como \u201ccucarachas\u201d. Y si no eran m\u00e1s que eso, insectos capaces de colarse en tu casa y extender la enfermedad, \u00bfacaso no estaba justificado aplastarlos?<\/span><\/p>\n<p style=\"text-align: justify;\">Ruanda viene al caso ante el lamento de extremistas de todo el mundo porque finalmente, aunque con a\u00f1os de retraso y demasiado tarde, se est\u00e9n tomando medidas para eliminar de las redes sociales el odio, la xenofobia, el fanatismo y la desinformaci\u00f3n como arma para sabotear democracias. La libertad de expresi\u00f3n tiene sus l\u00edmites en el abuso de los derechos de los dem\u00e1s. Qui\u00e9n, c\u00f3mo y cu\u00e1ndo se decide eliminar ese contenido es debatible; la conveniencia de hacerlo, no.<\/p>\n<p style=\"text-align: justify;\"><a href=\"https:\/\/www.nytimes.com\/es\/2021\/01\/12\/espanol\/capitolio-que-paso.html\">El asalto al Capitolio en Estados Unidos<\/a>\u00a0fue la culminaci\u00f3n de un mandato en el que Donald Trump utiliz\u00f3 plataformas como Twitter para promover la mentira, la conspiraci\u00f3n, el supremacismo y el autoritarismo. La decisi\u00f3n de cancelar sus cuentas en redes sociales, sin embargo, tiene su punto d\u00e9bil en la misma arbitrariedad y falta de transparencia que le permiti\u00f3 operarlas sin control. Las l\u00edneas rojas son demasiado finas y complejas para que la decisi\u00f3n dependa de un pu\u00f1ado de directivos de Silicon Valley.<\/p>\n<p style=\"text-align: justify;\">Pocos pa\u00edses conocen mejor que Alemania c\u00f3mo un exceso de tolerancia hacia los intolerantes puede gangrenar una sociedad y conducirla al profundo pozo de la violencia sectaria. A veces, hasta llegar al genocidio. Por eso las\u00a0<a href=\"https:\/\/www.dw.com\/es\/alemania-ley-contra-el-odio-en-internet\/av-42006735\" target=\"_blank\">leyes alemanas contra el odio<\/a>\u00a0en internet, vigentes desde 2018, est\u00e1n entre las m\u00e1s duras del mundo y obligan a las plataformas a suprimir contenido que fomente la violencia, la discriminaci\u00f3n o el extremismo en menos de 24 horas, bajo amenaza de multas millonarias.<\/p>\n<p style=\"text-align: justify;\">Y, sin embargo, la canciller Angela Merkel dijo esta semana que la cancelaci\u00f3n de las cuentas de Donald Trump en las redes sociales era \u201c<a href=\"https:\/\/www.euronews.com\/2021\/01\/12\/donald-trump-s-twitter-ban-is-problematic-says-angela-merkel\" target=\"_blank\">problem\u00e1tica<\/a>\u201d, mostr\u00e1ndose a favor de un equilibrio entre la supervisi\u00f3n del contenido t\u00f3xico y la defensa de la libertad de expresi\u00f3n. Lograr ese balance requerir\u00e1 aceptar, como hizo Alemania, que la mayor\u00eda de las legislaciones que regulan ese derecho fundamental han quedado obsoletas. La monitorizaci\u00f3n necesitar\u00e1 de garant\u00edas, preferentemente ofrecidas por jueces formados en nuevas tecnolog\u00edas, para evitar que tenga un sesgo ideol\u00f3gico, religioso o racial.<\/p>\n<p style=\"text-align: justify;\">La\u00a0<a href=\"https:\/\/www.nytimes.com\/es\/2021\/01\/09\/espanol\/opinion\/trump-extremismo-polarizacion.html\">reemergencia de los extremismos<\/a>\u00a0en el mundo, incluidos pol\u00edticos que atacan la democracia desde dentro, hace que la adaptaci\u00f3n sea urgente. Estados Unidos ha resistido el embate autoritario gracias a la fortaleza de sus instituciones, sistema judicial y prensa independiente. Pero, \u00bfcu\u00e1l habr\u00eda sido el desenlace de un envite parecido en una democracia inmadura y con esos tres pilares debilitados, como es el caso de Colombia y Venezuela?<\/p>\n<p style=\"text-align: justify;\">La libertad de expresi\u00f3n est\u00e1 regulada en Venezuela y Colombia bajo un marco anticuado siempre dirigido a medidas restrictivas recientes que permite sancionar a periodistas bajo el ambiguo pretexto de alteraci\u00f3n del orden, rebaja su significado. El resultado es que los sistemas judiciales est\u00e1n sentando en el banquillo a quienes la ejercen leg\u00edtimamente, mientras manipuladores y propagadores del odio\u00a0<a href=\"https:\/\/www.nytimes.com\/es\/2020\/11\/19\/espanol\/opinion\/fake-news-espana.html\">operan con impunidad<\/a>\u00a0en un momento de gran crispaci\u00f3n. Esa combinaci\u00f3n es garant\u00eda de tiempos oscuros en un pa\u00eds con una historia de enfrentamientos civiles como la nuestra.<\/p>\n<p style=\"text-align: justify;\">La revista sat\u00edrica\u00a0<a href=\"https:\/\/www.revistamongolia.com\/\" target=\"_blank\">Mongolia<\/a>\u00a0reflejaba las contradicciones del err\u00f3neo foco judicial en su \u00faltima portada, un fondo negro con el que sus editores quisieron denunciar la censura. La publicaci\u00f3n ha visto su futuro comprometido tras ser\u00a0<a href=\"https:\/\/elpais.com\/sociedad\/2020-12-22\/el-supremo-confirma-la-condena-de-40000-euros-a-la-revista-mongolia-por-vulnerar-el-honor-de-ortega-cano.html\" target=\"_blank\">condenada a pagar 40.000 euros<\/a>\u00a0por ridiculizar en un cartel promocional al torero Jos\u00e9 Ortega Cano, quien en 2011 mat\u00f3 bajo los efectos del alcohol a otro conductor en un accidente de tr\u00e1fico. Importantes juristas han resaltado las incongruencias de la sentencia, que se suma a los procesos contra trabajos de ficci\u00f3n de raperos,\u00a0<a href=\"https:\/\/www.nytimes.com\/es\/2018\/02\/22\/espanol\/cataluna-arte-presos-politicos-santiago-sierra-arco.html\">humoristas o artistas<\/a>.<\/p>\n<p style=\"text-align: justify;\">Una parte de la judicatura latinoamericana no parece diferenciar la s\u00e1tira de la realidad, pero a\u00fan m\u00e1s grave: tiene una concepci\u00f3n de la libertad de expresi\u00f3n y sus l\u00edmites impropia de una democracia liberal. No son la ofensa, la burla o la cr\u00edtica, incluso cuando resultan de mal gusto, las que debe ser perseguidas; sino la fabricaci\u00f3n de noticias falsas, desinformaci\u00f3n y propaganda con el objetivo de incitar a la violencia, discriminar minor\u00edas o suprimir las libertades de los dem\u00e1s.<\/p>\n<p style=\"text-align: justify;\">Quienes abusan de la libertad de expresi\u00f3n, utilizando las nuevas tecnolog\u00edas como herramienta, se justifican en la falta de espacio en los medios tradicionales y dicen que el l\u00edmite de sus acciones solo puede establecerlos el sistema judicial, conscientes de que no est\u00e1 preparado para hacerlo. Las v\u00edctimas rara vez ejercen recursos para emprender acciones legales y quienes dan el paso se enfrentan a procesos que pueden durar a\u00f1os. Para entonces, el da\u00f1o puede ser irreparable, como demuestra la org\u00eda de violencia contra los rohiny\u00e1s en Birmania, donde una noticia falsa sobre una violaci\u00f3n\u00a0<a href=\"https:\/\/www.nytimes.com\/es\/2018\/10\/18\/espanol\/facebook-violencia-rohinya-birmania.html\">difundida en Facebook<\/a>\u00a0desencaden\u00f3 una limpieza \u00e9tnica.<\/p>\n<p style=\"text-align: justify;\">El genocidio de Ruanda se fragu\u00f3 por medios tradicionales con una propaganda incesante que dur\u00f3 a\u00f1os y deshumaniz\u00f3 a las v\u00edctimas a ojos de sus verdugos. Las redes sociales han acortado los plazos del adoctrinamiento y ampliado la capacidad de generar odio. Supervisadas por las leyes aprobadas por los parlamentos nacionales, las grandes corporaciones de Silicon Valley deben actuar de forma decisiva para suprimir los discursos que alientan la violencia, promueven el racismo o atentan contra la salud p\u00fablica.<\/p>\n<p style=\"text-align: justify;\">Colombia y Venezuela, como tantos pa\u00edses, vive una propagaci\u00f3n sin control de ese contenido. Hay suficiente en juego para movilizar los recursos del Estado, creando una comisi\u00f3n independiente del gobierno para estudiar medidas contundentes; reforzando y ampliando el \u00e1mbito de actuaci\u00f3n de los organismos competentes; ense\u00f1ando desde la escuela a protegerse de la desinformaci\u00f3n y poniendo en marcha juzgados espec\u00edficos que puedan actuar con celeridad cuando el poder de internet es utilizado para atacar la convivencia y las libertades.<\/p>\n<p style=\"text-align: justify;\">Los ciudadanos, por su parte, han adquirido nuevas responsabilidades en un ecosistema digital que ofrece a cualquiera la capacidad de difundir una informaci\u00f3n, dar una opini\u00f3n p\u00fablicamente o hacer un llamamiento. Se trata de una expansi\u00f3n de la libertad de expresi\u00f3n sin precedentes, pero no sin l\u00edmites. La mentira, como herramienta para pisotear los derechos de los dem\u00e1s, no forma parte de ella.<\/p>\n","protected":false},"excerpt":{"rendered":"<p>Una de las causas menos conocidas del genocidio de Ruanda, donde cerca de un mill\u00f3n de personas fueron masacradas a machetazos en 1994, fue la libertad de expresi\u00f3n mal entendida. Pol\u00edticos, activistas y periodistas hutus prepararon el terreno e incitaron el exterminio de los tutsis a trav\u00e9s de\u00a0una campa\u00f1a de odio\u00a0que utiliz\u00f3 la emisora RTLM como altavoz. Uno de los [&hellip;]<\/p>\n","protected":false},"author":2,"featured_media":0,"comment_status":"closed","ping_status":"closed","sticky":false,"template":"","format":"standard","meta":{"footnotes":""},"categories":[1],"tags":[],"_links":{"self":[{"href":"https:\/\/www.abintabogados.com\/web\/wp-json\/wp\/v2\/posts\/1583"}],"collection":[{"href":"https:\/\/www.abintabogados.com\/web\/wp-json\/wp\/v2\/posts"}],"about":[{"href":"https:\/\/www.abintabogados.com\/web\/wp-json\/wp\/v2\/types\/post"}],"author":[{"embeddable":true,"href":"https:\/\/www.abintabogados.com\/web\/wp-json\/wp\/v2\/users\/2"}],"replies":[{"embeddable":true,"href":"https:\/\/www.abintabogados.com\/web\/wp-json\/wp\/v2\/comments?post=1583"}],"version-history":[{"count":2,"href":"https:\/\/www.abintabogados.com\/web\/wp-json\/wp\/v2\/posts\/1583\/revisions"}],"predecessor-version":[{"id":1585,"href":"https:\/\/www.abintabogados.com\/web\/wp-json\/wp\/v2\/posts\/1583\/revisions\/1585"}],"wp:attachment":[{"href":"https:\/\/www.abintabogados.com\/web\/wp-json\/wp\/v2\/media?parent=1583"}],"wp:term":[{"taxonomy":"category","embeddable":true,"href":"https:\/\/www.abintabogados.com\/web\/wp-json\/wp\/v2\/categories?post=1583"},{"taxonomy":"post_tag","embeddable":true,"href":"https:\/\/www.abintabogados.com\/web\/wp-json\/wp\/v2\/tags?post=1583"}],"curies":[{"name":"wp","href":"https:\/\/api.w.org\/{rel}","templated":true}]}}