{"id":1607,"date":"2021-01-31T19:33:21","date_gmt":"2021-01-31T19:33:21","guid":{"rendered":"https:\/\/www.abintabogados.com\/web\/?p=1607"},"modified":"2021-01-31T19:33:21","modified_gmt":"2021-01-31T19:33:21","slug":"la-corte-suprema-de-facebook-ordena-a-la-red-social-restaurar-4-publicaciones-eliminadas","status":"publish","type":"post","link":"https:\/\/www.abintabogados.com\/web\/2021\/01\/31\/la-corte-suprema-de-facebook-ordena-a-la-red-social-restaurar-4-publicaciones-eliminadas\/","title":{"rendered":"La &#8216;Corte Suprema&#8217; de Facebook ordena a la red social restaurar 4 publicaciones eliminadas."},"content":{"rendered":"<p><a href=\"https:\/\/www.abintabogados.com\/web\/wp-content\/uploads\/2021\/01\/face.jpg\"><img fetchpriority=\"high\" decoding=\"async\" class=\"alignnone size-medium wp-image-1603\" alt=\"face\" src=\"https:\/\/www.abintabogados.com\/web\/wp-content\/uploads\/2021\/01\/face-300x199.jpg\" width=\"300\" height=\"199\" srcset=\"https:\/\/www.abintabogados.com\/web\/wp-content\/uploads\/2021\/01\/face-300x199.jpg 300w, https:\/\/www.abintabogados.com\/web\/wp-content\/uploads\/2021\/01\/face-600x398.jpg 600w, https:\/\/www.abintabogados.com\/web\/wp-content\/uploads\/2021\/01\/face-1024x680.jpg 1024w, https:\/\/www.abintabogados.com\/web\/wp-content\/uploads\/2021\/01\/face.jpg 1920w\" sizes=\"(max-width: 300px) 100vw, 300px\" \/><\/a><\/p>\n<p>&nbsp;<\/p>\n<p style=\"text-align: justify;\">La junta de supervisi\u00f3n de Facebook orden\u00f3 a la compa\u00f1\u00eda restaurar varias publicaciones que la red social hab\u00eda eliminado por violar sus reglas sobre incitaci\u00f3n al odio, desinformaci\u00f3n da\u00f1ina y otros asuntos.<\/p>\n<p style=\"text-align: justify;\">Las decisiones son los primeros fallos de la junta, que Facebook cre\u00f3 el a\u00f1o pasado como una especie de corte suprema, emitiendo los votos finales sobre las decisiones m\u00e1s dif\u00edciles que hace la compa\u00f1\u00eda sobre lo que hace y lo que no permite que los usuarios publiquen.<\/p>\n<p style=\"text-align: justify;\">Los fallos anunciados el jueves no incluyen el caso m\u00e1s\u00a0<a href=\"https:\/\/text.npr.org\/2021\/01\/21\/959350053\/facebook-asks-oversight-board-whether-trumps-account-should-be-restored-now\">destacado y de mayor importancia<\/a>\u00a0en el expediente de la junta: la\u00a0<a href=\"https:\/\/text.npr.org\/sections\/insurrection-at-the-capitol\/2021\/01\/07\/954453630\/facebook-bans-president-trump-from-posting-for-the-rest-of-his-presidency\">suspensi\u00f3n por parte<\/a>\u00a0de\u00a0Facebook\u00a0del expresidente Donald Trump tanto de la plataforma hom\u00f3nima como de Instagram, propiedad de la compa\u00f1\u00eda.\u00a0Facebook prohibi\u00f3 a Trump a principios de este mes, despu\u00e9s de que una multitud de sus partidarios irrumpiera en el Capitolio de Estados Unidos.<\/p>\n<p style=\"text-align: justify;\">El\u00a0<a href=\"https:\/\/text.npr.org\/sections\/insurrection-at-the-capitol\/2021\/01\/23\/959987896\/oversight-board-co-chair-on-how-it-determines-trumps-fate-on-facebook\">caso Trump<\/a>\u00a0, que la junta tiene 90 d\u00edas para considerar desde que lo recibi\u00f3 la semana pasada, es visto como una prueba crucial de la legitimidad del panel.\u00a0La junta comenzar\u00e1 a recibir comentarios p\u00fablicos el viernes.<\/p>\n<p style=\"text-align: justify;\">Aun as\u00ed, las decisiones del jueves son un primer vistazo importante a c\u00f3mo ve la junta su rol de gobierno y expresaron escepticismo entre los miembros sobre c\u00f3mo Facebook ha comunicado y aplicado varias pol\u00edticas clave.<\/p>\n<p style=\"text-align: justify;\">En su primer lote de\u00a0<a href=\"https:\/\/oversightboard.com\/news\/165523235084273-announcing-the-oversight-board-s-first-case-decisions\/\">decisiones<\/a>, la junta anul\u00f3 las eliminaciones de publicaciones de Facebook en cuatro de cinco casos:<\/p>\n<ul style=\"text-align: justify;\">\n<li>Anul\u00f3 la eliminaci\u00f3n de Facebook de una publicaci\u00f3n de un usuario en Francia que criticaba al gobierno por retener una supuesta \u00abcura\u00bb para COVID-19.\u00a0Facebook hab\u00eda eliminado la publicaci\u00f3n porque dec\u00eda que podr\u00eda provocar un da\u00f1o inminente, pero la junta dijo que los comentarios del usuario estaban dirigidos a oponerse a la pol\u00edtica del gobierno.\u00a0\u00abFacebook no hab\u00eda demostrado que la publicaci\u00f3n se elevar\u00eda al nivel de da\u00f1o inminente, como lo requiere su propia regla en los Est\u00e1ndares Comunitarios\u00bb, dijo la junta.\u00a0Tambi\u00e9n recomend\u00f3 que la empresa cree una nueva pol\u00edtica espec\u00edficamente sobre desinformaci\u00f3n en salud, \u00abconsolidando y aclarando las reglas existentes en un solo lugar\u00bb.<\/li>\n<\/ul>\n<ul style=\"text-align: justify;\">\n<li>Anul\u00f3 un caso en el que Facebook elimin\u00f3 una publicaci\u00f3n de un usuario en Am\u00e9rica del Norte que supuestamente citaba a Joseph Goebbels, un funcionario nazi en la lista de Facebook de \u00abindividuos peligrosos\u00bb.\u00a0La junta encontr\u00f3 que \u00abera una cr\u00edtica, no una celebraci\u00f3n de la actitud ejemplificada por la supuesta cita de Goebbels\u00bb, dijo a la prensa el copresidente de la junta Michael McConnell, director del Centro de Derecho Constitucional de la Facultad de Derecho de Stanford.<\/li>\n<\/ul>\n<ul style=\"text-align: justify;\">\n<li>En un caso relacionado con la desnudez, la junta revoc\u00f3 la eliminaci\u00f3n de una publicaci\u00f3n de Instagram que promov\u00eda la concienciaci\u00f3n sobre el c\u00e1ncer de mama en Brasil que mostraba pezones de mujeres.\u00a0La junta se\u00f1al\u00f3 que las reglas de desnudez de Facebook incluyen una excepci\u00f3n para las publicaciones sobre c\u00e1ncer de mama.\u00a0Facebook restaur\u00f3 la publicaci\u00f3n en diciembre, despu\u00e9s de que la junta anunciara que revisar\u00eda el caso.<\/li>\n<\/ul>\n<p style=\"text-align: justify;\">\nLa junta tambi\u00e9n dio la alarma de que la publicaci\u00f3n de Instagram fue inicialmente eliminada por sistemas automatizados.\u00a0\u00abLa eliminaci\u00f3n incorrecta de este cargo indica la falta de una supervisi\u00f3n humana adecuada, lo que plantea preocupaciones sobre derechos humanos\u00bb, dijo en su decisi\u00f3n.\u00a0Recomend\u00f3 que Facebook les diga a los usuarios cuando sus publicaciones hayan sido eliminadas por sistemas automatizados y que puedan apelar esas decisiones a una persona.<\/p>\n<ul style=\"text-align: justify;\">\n<li>Los dos \u00faltimos casos versaron sobre incitaci\u00f3n al odio.\u00a0En el primero, la junta anul\u00f3 la eliminaci\u00f3n de una publicaci\u00f3n de un usuario de Facebook en Myanmar que, seg\u00fan Facebook, violaba sus reglas contra el discurso de odio por menospreciar a los musulmanes como psicol\u00f3gicamente inferiores.\u00a0Si bien la junta consider\u00f3 que la publicaci\u00f3n era \u00abpeyorativa\u00bb, teniendo en cuenta el contexto completo, no \u00abdefendi\u00f3 el odio ni incit\u00f3 intencionalmente ninguna forma de da\u00f1o inminente\u00bb, dijo la junta en su decisi\u00f3n. \u00a0La junta reconoci\u00f3 que el caso estaba tenso porque Facebook ha sido criticado por su papel en el genocidio de la minor\u00eda musulmana del pa\u00eds.<\/li>\n<\/ul>\n<p style=\"text-align: justify;\">La junta tambi\u00e9n emiti\u00f3 recomendaciones para que Facebook sea m\u00e1s transparente, incluida la explicaci\u00f3n a los usuarios cuyas publicaciones se eliminan qu\u00e9 reglas hab\u00edan violado y brindando m\u00e1s claridad y definiciones para problemas que incluyen informaci\u00f3n err\u00f3nea sobre la salud e individuos peligrosos.\u00a0Facebook tiene 30 d\u00edas para responder a la junta.<\/p>\n<p style=\"text-align: justify;\">La junta est\u00e1 establecida y financiada por Facebook a trav\u00e9s de un fideicomiso independiente y est\u00e1 formada por\u00a0<a href=\"https:\/\/oversightboard.com\/meet-the-board\/\">20 expertos de todo el mundo<\/a>.\u00a0Entre ellos se encuentran especialistas en derecho y derechos humanos, un premio Nobel de la Paz de Yemen, el vicepresidente del libertario Cato Institute y varios ex periodistas.<\/p>\n<p style=\"text-align: justify;\">Cada caso fue revisado por un grupo de cinco miembros seleccionados al azar, con la decisi\u00f3n final aprobada por la junta en pleno.<\/p>\n","protected":false},"excerpt":{"rendered":"<p>&nbsp; La junta de supervisi\u00f3n de Facebook orden\u00f3 a la compa\u00f1\u00eda restaurar varias publicaciones que la red social hab\u00eda eliminado por violar sus reglas sobre incitaci\u00f3n al odio, desinformaci\u00f3n da\u00f1ina y otros asuntos. Las decisiones son los primeros fallos de la junta, que Facebook cre\u00f3 el a\u00f1o pasado como una especie de corte suprema, emitiendo los votos finales sobre las [&hellip;]<\/p>\n","protected":false},"author":2,"featured_media":0,"comment_status":"closed","ping_status":"closed","sticky":false,"template":"","format":"standard","meta":{"footnotes":""},"categories":[1],"tags":[],"_links":{"self":[{"href":"https:\/\/www.abintabogados.com\/web\/wp-json\/wp\/v2\/posts\/1607"}],"collection":[{"href":"https:\/\/www.abintabogados.com\/web\/wp-json\/wp\/v2\/posts"}],"about":[{"href":"https:\/\/www.abintabogados.com\/web\/wp-json\/wp\/v2\/types\/post"}],"author":[{"embeddable":true,"href":"https:\/\/www.abintabogados.com\/web\/wp-json\/wp\/v2\/users\/2"}],"replies":[{"embeddable":true,"href":"https:\/\/www.abintabogados.com\/web\/wp-json\/wp\/v2\/comments?post=1607"}],"version-history":[{"count":2,"href":"https:\/\/www.abintabogados.com\/web\/wp-json\/wp\/v2\/posts\/1607\/revisions"}],"predecessor-version":[{"id":1609,"href":"https:\/\/www.abintabogados.com\/web\/wp-json\/wp\/v2\/posts\/1607\/revisions\/1609"}],"wp:attachment":[{"href":"https:\/\/www.abintabogados.com\/web\/wp-json\/wp\/v2\/media?parent=1607"}],"wp:term":[{"taxonomy":"category","embeddable":true,"href":"https:\/\/www.abintabogados.com\/web\/wp-json\/wp\/v2\/categories?post=1607"},{"taxonomy":"post_tag","embeddable":true,"href":"https:\/\/www.abintabogados.com\/web\/wp-json\/wp\/v2\/tags?post=1607"}],"curies":[{"name":"wp","href":"https:\/\/api.w.org\/{rel}","templated":true}]}}