{"id":1628,"date":"2021-02-14T18:17:35","date_gmt":"2021-02-14T18:17:35","guid":{"rendered":"https:\/\/www.abintabogados.com\/web\/?p=1628"},"modified":"2021-02-14T18:34:19","modified_gmt":"2021-02-14T18:34:19","slug":"la-depresion-y-el-suicidio-como-enfermedad-ocupacional-en-el-mundo-del-futbol","status":"publish","type":"post","link":"https:\/\/www.abintabogados.com\/web\/2021\/02\/14\/la-depresion-y-el-suicidio-como-enfermedad-ocupacional-en-el-mundo-del-futbol\/","title":{"rendered":"La depresi\u00f3n y el suicidio como enfermedad ocupacional en el mundo del f\u00fatbol."},"content":{"rendered":"<p><a href=\"https:\/\/www.abintabogados.com\/web\/wp-content\/uploads\/2021\/02\/images.jpg\"><img fetchpriority=\"high\" decoding=\"async\" class=\"alignnone size-full wp-image-1627\" alt=\"images\" src=\"https:\/\/www.abintabogados.com\/web\/wp-content\/uploads\/2021\/02\/images.jpg\" width=\"300\" height=\"168\" \/><\/a><\/p>\n<p style=\"text-align: justify;\">El f\u00fatbol tiene un componente emocional que mueve pasiones en todo el mundo. Por su relevancia social, oculta situaciones que muchas veces pasan desapercibidas y que saltan a la luz cuando ya es tarde. La \u00faltima fue la de Santiago Morro que conmocion\u00f3 a la opini\u00f3n p\u00fablica y abri\u00f3 el debate, al menos por un rato, sobre la importancia de la salud mental, tanto en el deporte m\u00e1s popular, como en el d\u00eda a d\u00eda de cualquier persona.<\/p>\n<p style=\"text-align: justify;\">Pero la muerte del uruguayo no es la primera que se da relacionada al f\u00fatbol en la \u00e9poca contempor\u00e1nea.<b>\u00a0<\/b>Por eso representa otro llamado de atenci\u00f3n a las instituciones y a la comunidad deportiva, donde muchas veces se subestima la importancia de combatir la depresi\u00f3n.<\/p>\n<p style=\"text-align: justify;\">El exitismo pone en un pedestal al jugador y genera expectativas en muchos otros. Desde los m\u00e1s chicos hasta los m\u00e1s grandes, los futbolistas conviven con situaciones para las que, en la gran mayor\u00eda de los casos, no est\u00e1n preparados.\u00a0Los clubes, muchas veces por necesidad y otras por omisi\u00f3n, no cuentan con la contenci\u00f3n y dedicaci\u00f3n que la salud mental necesita.\u00a0Primero son personas y despu\u00e9s jugadores, pero en general son tratados m\u00e1s que como maquinas como esclavos modernos.<\/p>\n<p style=\"text-align: justify;\">En d\u00edas recientes, como consecuencia del lamentable fallecimiento de Santiago Morro Garcia, ha sido muy com\u00fan hablar de<b>\u00a0la depresi\u00f3n<\/b>. Ya la sociedad se ha vuelto m\u00e1s consciente a la hora de expresarse sobre esta enfermedad mental,\u00a0<b>la cual no debe tratarse solo con un \u201csal a caminar\u201d o \u201ccon un par de tragos se te pasa\u201d.<\/b><\/p>\n<p style=\"text-align: justify;\">La depresi\u00f3n es algo mucho m\u00e1s profundo y como humanos, a los futbolistas tambi\u00e9n les afecta. M\u00e1s de lo que creemos. El n\u00famero de atletas con estos s\u00edntomas es realmente alto y preocupante.<\/p>\n<p style=\"text-align: justify;\"><b>Muchos piensan que por tener buen dinero, autos lujosos, mujeres hermosas y ser el centro de atenci\u00f3n, la vida est\u00e1 resuelta.<\/b>\u00a0Los futbolistas profesionales\u00a0 est\u00e1n expuestos a mucha presi\u00f3n, a exposici\u00f3n p\u00fablica, a maltratos del aficionado y el entorno. Y al final, no hay dinero que valga.<\/p>\n<p style=\"text-align: justify;\">El suicidio entendido como enfermedad laboral y\/o accidente laboral desde los factores psicosociales y jur\u00eddicos del derecho al trabajo constituyen un tema en construcci\u00f3n. El estudio de sus manifestaciones y legislaci\u00f3n, permite diferenciar las condiciones de vida en el mundo del trabajo y los determinantes de actos como el suicidio en los trabajadores. Adem\u00e1s, se consideran las labores a favor del empleado o empleador sea persona jur\u00eddica o natural o el sistema al cual se enfrentan todas las personas en contextos del modelo de desarrollo socio-econ\u00f3mico.<\/p>\n<p style=\"text-align: justify;\">Seg\u00fan la Organizaci\u00f3n Mundial de la Salud, los suicidios por causas de enfermedad patolog\u00edas son: Trastorno bipolar, Trastorno l\u00edmite de la personalidad, Depresi\u00f3n, Dependencia de alcohol y\/o otras drogas, Esquizofrenia. Estresores de la vida cotidiana, como problemas serios a nivel financiero o problemas en las relaciones interpersonales, Agorafobia con ataques de p\u00e1nico, Fobia social, Trastorno antisocial de la personalidad. Siempre generando la gran duda, si la enfermedad mental pudo ser adquirida por consecuencia de la actividad laboral, ya que todos los seres humanos no tenemos la misma capacidad de poder asimilar y afrontar los cambios laborales.<\/p>\n<p style=\"text-align: justify;\">La distinci\u00f3n entre sentimientos de tristeza normal, s\u00edndrome de desgaste profesional y los trastornos depresivos propiamente dichos, no siempre es f\u00e1cil. En demasiadas ocasiones se carece de protocolos de actuaci\u00f3n adecuados y las propias condiciones laborales impiden un abordaje satisfactorio e integral; es m\u00e1s, dichas condiciones pueden incluso actuar como desencadenantes, mantenedores o mediadores de muchos de estos problemas.<\/p>\n<p style=\"text-align: justify;\">La depresi\u00f3n es una enfermedad como otra cualquiera y que nos puede pasar a cualquiera, pero en m\u00e1s de la mitad de los casos tiende a cronificarse y\/o complicarse con otras enfermedades. Las consecuencias ser\u00e1n muy negativas, tanto en los trabajadores como en las organizaciones, si no se diagnostica de forma precoz y no se trata de forma efectiva. Con este objetivo, se revisa cada subtipo de trastorno, sus posibles efectos y reconocimiento en el trabajo, el abordaje de la persona afectada y el tratamiento.<\/p>\n<p style=\"text-align: justify;\">Seg\u00fan las estimaciones, en el mundo hay 264 millones de personas padecen depresi\u00f3n, una de las principales causas de discapacidad. Adem\u00e1s, muchas de ellas sufren tambi\u00e9n s\u00edntomas de ansiedad.<\/p>\n<p style=\"text-align: justify;\">El manejo de los problemas de salud mental en el mundo laboral no es sencillo. En demasiadas ocasiones se carece de protocolos de actuaci\u00f3n adecuados y las propias condiciones laborales impiden un abordaje satisfactorio e integral, es m\u00e1s, dichas condiciones pueden incluso actuar como desencadenantes o facilitadores de muchos de estos problemas.<\/p>\n<p style=\"text-align: justify;\">En el mundo del Futbol, seg\u00fan denuncia FIFPRO menos del 2%\u00a0del total gana m\u00e1s de 720.000 d\u00f3lares anuales mientras que el 45% no llega a los 1000 d\u00f3lares al mes si los cobran, porque al 41% de los futbolistas se les paga con retraso y, a\u00a0veces, tienen que llegar a acuerdos para percibir al menos algo de lo que les deben.<\/p>\n<p style=\"text-align: justify;\">Adem\u00e1s, el 22% se ha visto forzado por su club a entrenar solo como medida de presi\u00f3n\u00a0y uno de cada tres es transferido a otro equipo contra su voluntad. Estas circunstancias\u00a0pueden afectar a su estabilidad mental durante toda su carrera, ya que continuamente\u00a0lidian con la indefensi\u00f3n legal, la soledad, la incertidumbre sobre su futuro.<\/p>\n<p style=\"text-align: justify;\">Todo esto genera cuadros poco halagadores, La depresi\u00f3n es una palabra de uso com\u00fan aunque puede tener diferentes significados. A menudo se utiliza para referirse a per\u00edodos pasajeros de tristeza o des\u00e1nimo tras experimentar la p\u00e9rdida de un ser querido, de la salud, de pertenencias personales, tras la frustraci\u00f3n de expectativas deseadas, o ante dificultades cotidianas. En psiquiatr\u00eda, las depresiones son trastornos mentales con s\u00edntomas y signos caracter\u00edsticos, aunque no espec\u00edficos, de suficiente intensidad y duraci\u00f3n como para deteriorar el funcionamiento diario y la calidad de vida de la persona afectada, en el mundo del Derecho es una enfermedad ocupacional.<\/p>\n<p style=\"text-align: justify;\">Los habituales momentos o \u00abd\u00edas bajos\u00bb de cualquier persona se caracterizan por un sentimiento de tristeza \u00abnormal\u00bb, leve, transitoria, asociada a pensamientos negativos en relaci\u00f3n con problemas identificables tal , diferenci\u00e1ndola de la tristeza patol\u00f3gica<\/p>\n<p style=\"text-align: justify;\">Contar con un empleo tiene efectos protectores frente a la depresi\u00f3n, al proporcionar mayor seguridad econ\u00f3mica, integraci\u00f3n social y oportunidad para establecer relaciones y redes de apoyo social. El empleo constituye una respuesta de la sociedad a la necesidad de las personas de disponer de una base econ\u00f3mica segura para crear una familia propia y una vida independiente.<\/p>\n<p style=\"text-align: justify;\">Los futbolistas, y los deportistas en general, no est\u00e1n exentos de sufrir una enfermedad mental., son unos de los grupos laborales mas afectados pero igualmente son de los menos conocidos.<\/p>\n<p style=\"text-align: justify;\">En Venezuela, se ha condenado da\u00f1o moral, despu\u00e9s de que ciertamente qued\u00f3 demostrada la existencia del da\u00f1o, el padecimiento de\u00a0\u201c<b>trastorno mixto ansioso-depresivo secundario a factor de riesgo psicosocial (estr\u00e9s laboral)\u201d, considerada como enfermedad ocupacional \u201cagravada con ocasi\u00f3n al trabajo\u201d, que le ocasion\u00f3 una\u00a0discapacidad parcial y permanente para el trabajo, por tanto,\u00a0con base en la teor\u00eda del riesgo profesional, es procedente el pago de una indemnizaci\u00f3n por da\u00f1o moral, independientemente de que exista culpa o no del patrono en la ocurrencia del da\u00f1o<\/b>.<\/p>\n<p style=\"text-align: justify;\">(<a href=\"http:\/\/historico.tsj.gob.ve\/decisiones\/scs\/febrero\/0014-20213-2013-11-503.html\">http:\/\/historico.tsj.gob.ve\/decisiones\/scs\/febrero\/0014-20213-2013-11-503.html<\/a>)<\/p>\n<p style=\"text-align: justify;\">Tristeza, falta de motivaci\u00f3n, des\u00e1nimo\u2026 Estos sentimientos asociados al trabajo pueden ser indicativos de que alguien est\u00e1 sufriendo una\u00a0depresi\u00f3n laboral.\u00a0Hablamos de uno de los trastornos del estado del \u00e1nimo m\u00e1s comunes.<\/p>\n<p style=\"text-align: justify;\">Las razones de la mayor incidencia de la\u00a0depresi\u00f3n laboral\u00a0est\u00e1n en que cada vez dedicamos m\u00e1s horas a nuestro trabajo y a un mayor nivel de exigencia. Si a esto unimos que muchas veces no prestamos atenci\u00f3n a los primeros indicios, el resultado puede ser un cuadro mucho m\u00e1s grave que afecte al jugador, pero tambi\u00e9n al equipo donde realice su labor. Por eso, el primer paso es identificar bien los s\u00edntomas.<\/p>\n","protected":false},"excerpt":{"rendered":"<p>El f\u00fatbol tiene un componente emocional que mueve pasiones en todo el mundo. Por su relevancia social, oculta situaciones que muchas veces pasan desapercibidas y que saltan a la luz cuando ya es tarde. La \u00faltima fue la de Santiago Morro que conmocion\u00f3 a la opini\u00f3n p\u00fablica y abri\u00f3 el debate, al menos por un rato, sobre la importancia de [&hellip;]<\/p>\n","protected":false},"author":2,"featured_media":0,"comment_status":"closed","ping_status":"closed","sticky":false,"template":"","format":"standard","meta":{"footnotes":""},"categories":[1],"tags":[7,9,31,24,21,23,25,28,29,30,26,72,13,6],"_links":{"self":[{"href":"https:\/\/www.abintabogados.com\/web\/wp-json\/wp\/v2\/posts\/1628"}],"collection":[{"href":"https:\/\/www.abintabogados.com\/web\/wp-json\/wp\/v2\/posts"}],"about":[{"href":"https:\/\/www.abintabogados.com\/web\/wp-json\/wp\/v2\/types\/post"}],"author":[{"embeddable":true,"href":"https:\/\/www.abintabogados.com\/web\/wp-json\/wp\/v2\/users\/2"}],"replies":[{"embeddable":true,"href":"https:\/\/www.abintabogados.com\/web\/wp-json\/wp\/v2\/comments?post=1628"}],"version-history":[{"count":2,"href":"https:\/\/www.abintabogados.com\/web\/wp-json\/wp\/v2\/posts\/1628\/revisions"}],"predecessor-version":[{"id":1630,"href":"https:\/\/www.abintabogados.com\/web\/wp-json\/wp\/v2\/posts\/1628\/revisions\/1630"}],"wp:attachment":[{"href":"https:\/\/www.abintabogados.com\/web\/wp-json\/wp\/v2\/media?parent=1628"}],"wp:term":[{"taxonomy":"category","embeddable":true,"href":"https:\/\/www.abintabogados.com\/web\/wp-json\/wp\/v2\/categories?post=1628"},{"taxonomy":"post_tag","embeddable":true,"href":"https:\/\/www.abintabogados.com\/web\/wp-json\/wp\/v2\/tags?post=1628"}],"curies":[{"name":"wp","href":"https:\/\/api.w.org\/{rel}","templated":true}]}}