{"id":1990,"date":"2022-12-11T21:26:57","date_gmt":"2022-12-11T21:26:57","guid":{"rendered":"https:\/\/www.abintabogados.com\/web\/?p=1990"},"modified":"2024-02-13T14:42:06","modified_gmt":"2024-02-13T18:42:06","slug":"el-papel-de-los-atletas-profesionales-en-la-sociedad-a-traves-de-las-redes-sociales","status":"publish","type":"post","link":"https:\/\/www.abintabogados.com\/web\/2022\/12\/11\/el-papel-de-los-atletas-profesionales-en-la-sociedad-a-traves-de-las-redes-sociales\/","title":{"rendered":"El papel de los atletas profesionales en la sociedad a trav\u00e9s de las redes sociales."},"content":{"rendered":"<p><a href=\"https:\/\/www.abintabogados.com\/web\/wp-content\/uploads\/2022\/12\/mesis-y-canelo.jpg\"><img fetchpriority=\"high\" decoding=\"async\" class=\"alignnone size-medium wp-image-1984\" alt=\"mesis y canelo\" src=\"https:\/\/www.abintabogados.com\/web\/wp-content\/uploads\/2022\/12\/mesis-y-canelo-300x170.jpg\" width=\"300\" height=\"170\" srcset=\"https:\/\/www.abintabogados.com\/web\/wp-content\/uploads\/2022\/12\/mesis-y-canelo-300x170.jpg 300w, https:\/\/www.abintabogados.com\/web\/wp-content\/uploads\/2022\/12\/mesis-y-canelo.jpg 580w\" sizes=\"(max-width: 300px) 100vw, 300px\" \/><\/a><\/p>\n<p style=\"text-align: justify;\">La sufrida victoria de la\u00a0<strong>Selecci\u00f3n argentina<\/strong>\u00a0ante\u00a0<strong>M\u00e9xico<\/strong>\u00a0del <b>por el<strong>\u00a0<\/strong><\/b><a href=\"https:\/\/www.ambito.com\/backend\/editor\/notas\/5595897\" target=\"_blank\" rel=\"noopener\"><b>Mundial de Qatar<\/b><\/a><b>\u00a0dej\u00f3 una impensada secuela cuando el campe\u00f3n mundial de boxeo<strong>\u00a0Sa\u00fal \u00abCanelo\u00bb Alvarez<\/strong>\u00a0la emprendi\u00f3 nada menos que contra\u00a0<strong>Lionel Messi<\/strong>, el capit\u00e1n de la albiceleste.<\/b><\/p>\n<p style=\"text-align: justify;\"><b>El boxeador hab\u00eda tuiteado un pol\u00e9mico comentario dirigido a\u00a0<strong>Messi<\/strong>, al acusarlo de<strong>\u00a0\u00ablimpiar el piso\u00bb<\/strong>\u00a0con una camiseta azteca. La imagen correspond\u00eda a un video de los festejos en los vestuarios, donde se aprecia una casaca mexicana en el piso.<\/b><b><\/b><\/p>\n<p style=\"text-align: justify;\"><b>Pero\u00a0<strong>Twitter<\/strong>\u00a0no dej\u00f3 pasar las violentas expresiones de \u00c1lvarez contra Messi, y las reemplaz\u00f3 por una leyenda que dice :<strong>\u00a0\u00abEste Tweet viol\u00f3 las Reglas de Twitter\u00bb<\/strong>.<\/b><\/p>\n<p style=\"text-align: justify;\"><b>Ocurri\u00f3 este 27 de noviembre, cuando<strong>\u00a0Canelo<\/strong>, despu\u00e9s de reprocharle al capit\u00e1n argentino que estaba \u00ablimpiando el piso\u00bb con la camiseta de su pa\u00eds, lo amenaz\u00f3 expl\u00edcitamente con un tuit que la compa\u00f1\u00eda no dej\u00f3 pasar:<strong>\u00a0\u00abQue le pida a Dios que no me lo encuentre\u00bb<\/strong>.<\/b><\/p>\n<p style=\"text-align: justify;\"><b>Si bien distintas personalidades dialogaron con\u00a0<strong>Canelo\u00a0<\/strong>para aclarar lo sucedido y bajarle el tono a la pol\u00e9mica, el boxeador sigui\u00f3 firme en sus convicciones e incluso calific\u00f3 de\u00a0<strong>\u00abpendejadas\u00bb<\/strong>\u00a0a quienes plantearon que Messi no tuvo intenciones de ofender a los mexicanos.<\/b><\/p>\n<p style=\"text-align: justify;\">Los atletas profesionales est\u00e1n acostumbrados a ser el centro de atenci\u00f3n y ser juzgados por cada decisi\u00f3n que toman dentro y fuera del campo de juego\/cancha.\u00a0Si enciende las noticias o se desplaza por las redes sociales, encontrar\u00e1 algo, ya sea bueno o malo, con respecto a un atleta profesional.\u00a0Sin embargo, desde el surgimiento de Internet, particularmente las plataformas de redes sociales, hemos visto que los atletas profesionales, as\u00ed como las celebridades, han podido llegar y atraer a una audiencia mucho m\u00e1s grande que antes.\u00a0Los atletas son personas influyentes en cuestiones sociales y culturales clave.\u00a0Brindan la &#8216;voz&#8217; que promueven las plataformas de redes sociales y tambi\u00e9n tienen la oportunidad de impactar no solo un tema o evento espec\u00edfico, sino tambi\u00e9n al mundo en su conjunto.<\/p>\n<p style=\"text-align: justify;\">Antes de Internet y de todas las plataformas de redes sociales, los atletas profesionales eran activistas por cuestiones sociales, pero estas plataformas han brindado una oportunidad inigualable.\u00a0Seg\u00fan un art\u00edculo de\u00a0<a href=\"http:\/\/thinkprogress.org\/sports\/2014\/01\/07\/3121151\/did-activist-athletes\/\">Think Press<\/a>, Atletas profesionales como Jackie Robinson, Muhammad Ali, Tommie Smith, John Carlos y Annika Sorenstam lucharon por una causa y usaron su estatus de &#8216;celebridad&#8217; para llegar y atraer a una audiencia m\u00e1s amplia a trav\u00e9s de varios medios de comunicaci\u00f3n.\u00a0Smith y Carlos utilizaron los Juegos Ol\u00edmpicos de Verano de 1968, que fue un evento muy difundido en las plataformas de medios de la \u00e9poca, para luchar por la igualdad despu\u00e9s de ganar medallas de oro y bronce en la carrera de 200 metros.\u00a0Ambos hombres llevaban guantes negros, la insignia del Proyecto Ol\u00edmpico por los Derechos Humanos en la ropa y levantaron el brazo en apoyo de los \u00abDerechos Humanos\u00bb al recibir sus medallas.\u00a0Este fue un evento televisado que recibi\u00f3 una atenci\u00f3n significativa despu\u00e9s de los juegos, ya que se present\u00f3 y a\u00fan se muestra en peri\u00f3dicos, radio, televisi\u00f3n y revistas de todo el mundo.\u00a0Estos hombres luchaban por la igualdad en una Am\u00e9rica muy dividida.<\/p>\n<p style=\"text-align: justify;\">Los tiempos definitivamente han cambiado cuando se trata de difundir un mensaje sobre un problema social.\u00a0Los atletas profesionales tienen la capacidad de utilizar las diversas plataformas de redes sociales como Facebook, Instagram, Tiktok y Twitter para llegar y atraer a un p\u00fablico mucho m\u00e1s amplio que puede apoyar sus esfuerzos dando me gusta, compartiendo, retuiteando o publicando su propio contenido relacionado con una tendencia.<\/p>\n<p style=\"text-align: justify;\">Por ejemplo, un art\u00edculo de\u00a0<a href=\"http:\/\/www.sporttechie.com\/2015\/01\/21\/social-media-gives-professional-athletes-powerful-platform\/\">Sport Techie<\/a>analiza c\u00f3mo los jugadores de la NBA de los Cleveland Cavaliers y los Brooklyn Nets usaban camisetas que dec\u00edan \u00abNo puedo respirar\u00bb durante los calentamientos posteriores a la tr\u00e1gica muerte de Eric Gardner, quien muri\u00f3 en julio de 2014 despu\u00e9s de un enfrentamiento con un oficial de polic\u00eda de Nueva York.\u00a0Esto se extendi\u00f3 r\u00e1pidamente a las redes sociales y se propag\u00f3 como la p\u00f3lvora.\u00a0Los usuarios de las redes sociales tuiteaban, sub\u00edan fotos a Instagram y compart\u00edan fotos e historias en Facebook sobre las acciones de los jugadores de la NBA.\u00a0En particular, LeBron James us\u00f3 esta camiseta y public\u00f3 abiertamente sobre el problema y la raz\u00f3n por la que \u00e9l y otros jugadores lo hicieron.\u00a0Quer\u00edan apoyar la tr\u00e1gica muerte de Gardner y mostrar su apoyo a su familia y el problema entre el racismo y la brutalidad policial en Estados Unidos.\u00a0James tambi\u00e9n public\u00f3 una foto en Instagram de Michael Brown y Trayvon Martin,\u00a0dos hombres afroamericanos que tambi\u00e9n murieron debido a la brutalidad policial, de pie del brazo y del brazo.\u00a0James es un gran influencer y activista por el tema del racismo ya que tiene casi 20 millones de seguidores en Instagram.\u00a0\u00c9l, junto con otros atletas profesionales, puede enviar un mensaje y exponer un problema en funci\u00f3n de su presencia en las redes sociales y su estatus de celebridad.\u00a0Despu\u00e9s de que los jugadores de la NBA usaran estas camisetas y James publicara esta foto en Instagram, otros medios como la televisi\u00f3n, la radio, los peri\u00f3dicos, las revistas y otras plataformas sociales expusieron la historia y el problema a\u00fan m\u00e1s hablando, escribiendo y discutiendo constantemente sobre el tema.\u00a0Estas plataformas brindan a los atletas profesionales una oportunidad que los atletas activistas no ten\u00edan hace 20 a\u00f1os.<\/p>\n<p style=\"text-align: justify;\">En nuestra opini\u00f3n, creemos que las plataformas de redes sociales han brindado a los atletas profesionales una oportunidad como ninguna otra.\u00a0Estas plataformas brindan a los atletas la oportunidad de tener un impacto en los problemas sociales y culturales de una manera que era muy dif\u00edcil antes de que estuvieran disponibles.\u00a0Los atletas pueden alcanzar y atraer a una audiencia mayor utilizando su fama y la atenci\u00f3n que reciben a diario.\u00a0Casi todos los juegos profesionales se televisan ahora y, al aprovechar estas oportunidades, pueden actuar como personas influyentes y ayudar a resolver los principales problemas de la sociedad.\u00a0Algunas preguntas vienen a la mente despu\u00e9s de investigar este tema:\u00a0\u00bfQu\u00e9 sucede cuando los atletas profesionales se equivocan en las redes sociales?\u00a0\u00bfLes damos la espalda?<\/p>\n","protected":false},"excerpt":{"rendered":"<p>La sufrida victoria de la\u00a0Selecci\u00f3n argentina\u00a0ante\u00a0M\u00e9xico\u00a0del por el\u00a0Mundial de Qatar\u00a0dej\u00f3 una impensada secuela cuando el campe\u00f3n mundial de boxeo\u00a0Sa\u00fal \u00abCanelo\u00bb Alvarez\u00a0la emprendi\u00f3 nada menos que contra\u00a0Lionel Messi, el capit\u00e1n de la albiceleste. El boxeador hab\u00eda tuiteado un pol\u00e9mico comentario dirigido a\u00a0Messi, al acusarlo de\u00a0\u00ablimpiar el piso\u00bb\u00a0con una camiseta azteca. La imagen correspond\u00eda a un video de los festejos en los [&hellip;]<\/p>\n","protected":false},"author":2,"featured_media":0,"comment_status":"closed","ping_status":"closed","sticky":false,"template":"","format":"standard","meta":{"footnotes":""},"categories":[101,1],"tags":[],"_links":{"self":[{"href":"https:\/\/www.abintabogados.com\/web\/wp-json\/wp\/v2\/posts\/1990"}],"collection":[{"href":"https:\/\/www.abintabogados.com\/web\/wp-json\/wp\/v2\/posts"}],"about":[{"href":"https:\/\/www.abintabogados.com\/web\/wp-json\/wp\/v2\/types\/post"}],"author":[{"embeddable":true,"href":"https:\/\/www.abintabogados.com\/web\/wp-json\/wp\/v2\/users\/2"}],"replies":[{"embeddable":true,"href":"https:\/\/www.abintabogados.com\/web\/wp-json\/wp\/v2\/comments?post=1990"}],"version-history":[{"count":2,"href":"https:\/\/www.abintabogados.com\/web\/wp-json\/wp\/v2\/posts\/1990\/revisions"}],"predecessor-version":[{"id":2430,"href":"https:\/\/www.abintabogados.com\/web\/wp-json\/wp\/v2\/posts\/1990\/revisions\/2430"}],"wp:attachment":[{"href":"https:\/\/www.abintabogados.com\/web\/wp-json\/wp\/v2\/media?parent=1990"}],"wp:term":[{"taxonomy":"category","embeddable":true,"href":"https:\/\/www.abintabogados.com\/web\/wp-json\/wp\/v2\/categories?post=1990"},{"taxonomy":"post_tag","embeddable":true,"href":"https:\/\/www.abintabogados.com\/web\/wp-json\/wp\/v2\/tags?post=1990"}],"curies":[{"name":"wp","href":"https:\/\/api.w.org\/{rel}","templated":true}]}}