{"id":2020,"date":"2023-04-11T22:31:35","date_gmt":"2023-04-11T22:31:35","guid":{"rendered":"https:\/\/www.abintabogados.com\/web\/?p=2020"},"modified":"2023-04-11T22:35:31","modified_gmt":"2023-04-11T22:35:31","slug":"nuevo-regimen-legal-de-los-sujetos-pasivos-epeciales-en-venezuela","status":"publish","type":"post","link":"https:\/\/www.abintabogados.com\/web\/2023\/04\/11\/nuevo-regimen-legal-de-los-sujetos-pasivos-epeciales-en-venezuela\/","title":{"rendered":"Nuevo regimen legal de los Sujetos Pasivos Especiales en Venezuela."},"content":{"rendered":"<p><a href=\"https:\/\/www.abintabogados.com\/web\/wp-content\/uploads\/2023\/04\/tax.jpg\"><img fetchpriority=\"high\" decoding=\"async\" class=\"alignnone size-medium wp-image-2019\" alt=\"tax\" src=\"https:\/\/www.abintabogados.com\/web\/wp-content\/uploads\/2023\/04\/tax-300x200.jpg\" width=\"300\" height=\"200\" srcset=\"https:\/\/www.abintabogados.com\/web\/wp-content\/uploads\/2023\/04\/tax-300x200.jpg 300w, https:\/\/www.abintabogados.com\/web\/wp-content\/uploads\/2023\/04\/tax-600x400.jpg 600w, https:\/\/www.abintabogados.com\/web\/wp-content\/uploads\/2023\/04\/tax-1024x682.jpg 1024w\" sizes=\"(max-width: 300px) 100vw, 300px\" \/><\/a><\/p>\n<p>&nbsp;<\/p>\n<p style=\"text-align: justify;\">La nueva Providencia Administrativa sobre Sujetos Pasivos Especiales, publicada el 14 de marzo de 2023 nos trae como novedad algunas modificaciones que aplican directamente sobre los contribuyentes que estaban calificados en dicha categor\u00eda hasta la fecha, adem\u00e1s de otorgar una unidad de medida\u00a0 aunque baja, m\u00e1s racional en relaci\u00f3n al baremo de c\u00e1lculo para determinar qui\u00e9nes pueden ser considerados sujetos pasivos especiales y quienes no pueden de ninguna manera serlo.<\/p>\n<p style=\"text-align: justify;\">Es bueno refrescar aspectos como \u00bfQui\u00e9n es un Sujeto Pasivo Especial? \u00bfCu\u00e1les son las obligaciones que conlleva a ser un Sujeto Pasivo Especial? \u00bfQui\u00e9n no puede serlo? \u00bfQui\u00e9nes pueden dejar de serlo, que ya lo era?<\/p>\n<p style=\"text-align: justify;\">Los Sujetos Pasivos Especiales son una categor\u00eda de contribuyentes mucho m\u00e1s susceptibles de ser controlados por la administraci\u00f3n tributaria, es decir, los mismos tienen un foco de observaci\u00f3n constante por parte del organismo nacional o estadal que se encarga de la recolecci\u00f3n y control de los tributos por parte de los contribuyentes, mas no significa por esto que los mismos contribuyen con alg\u00fan tipo de tributo especifico extra por su categor\u00eda, la diferenciaci\u00f3n que se realiza es en la forma en la que contribuyen, aunque si, se le hayan aumentado algunas cargas contributivas, la utilidad de su categorizaci\u00f3n no persigue estos fines.<\/p>\n<p style=\"text-align: justify;\">Las obligaciones de dichos Sujetos Pasivos Especiales, que son la explicaci\u00f3n de la forma y modo en la que los mismos contribuyen y justifica la existencia de la categor\u00eda, siendo considerada una carga extra a la de los contribuyentes que no son considerados de esta manera son:<\/p>\n<p style=\"text-align: justify;\">a)\u00a0\u00a0\u00a0 Agente\u00a0de\u00a0retenci\u00f3n\u00a0del\u00a0Impuesto al Valor Agregado.<\/p>\n<p style=\"text-align: justify;\">b)\u00a0\u00a0 Anticipos\u00a0de\u00a0Impuesto al Valor Agregado\u00a0e Impuesto Sobre La Renta.<\/p>\n<p style=\"text-align: justify;\">c)\u00a0\u00a0\u00a0 Agente\u00a0de\u00a0percepci\u00f3n\u00a0del\u00a0Impuesto a las Grandes Transacciones Financieras.<\/p>\n<p style=\"text-align: justify;\">d)\u00a0\u00a0 Aumento\u00a0de\u00a0las\u00a0sanciones\u00a0por\u00a0il\u00edcitos\u00a0formales\u00a0seg\u00fan\u00a0el\u00a0C\u00f3digo Org\u00e1nico Tributario.<\/p>\n<p style=\"text-align: justify;\">e)\u00a0\u00a0\u00a0 Exclusi\u00f3n\u00a0del Ajuste\u00a0por\u00a0Inflaci\u00f3n\u00a0del\u00a0Impuesto Sobre La Renta.<\/p>\n<p style=\"text-align: justify;\">f)\u00a0\u00a0\u00a0\u00a0 Deber de declarar en fechas determinadas por un calendario especial publicado por el SENIAT.<\/p>\n<p style=\"text-align: justify;\">g)\u00a0\u00a0 Vigilancia\u00a0especial\u00a0por\u00a0la\u00a0Administraci\u00f3n\u00a0Tributaria.<\/p>\n<p style=\"text-align: justify;\">h)\u00a0\u00a0 Contribuyente\u00a0Impuesto a los Grandes Patrimonios\u00a0e\u00a0Impuesto a las Grandes Transacciones Financieras.<\/p>\n<p style=\"text-align: justify;\">Ahora bien, aquellos contribuyentes que cumplan con las siguientes caracter\u00edsticas no podr\u00e1n ser calificados como Sujetos Pasivos Especiales:<\/p>\n<p style=\"text-align: justify;\">Siguiendo el orden y redacci\u00f3n de la providencia administrativa<\/p>\n<p style=\"text-align: justify;\">a)\u00a0\u00a0\u00a0 Los que se constituyeron en el marco de nuevos emprendimientos y se encuentren debidamente registrados ante el \u00f3rgano rector de conformidad con la Ley que rige la materia para el fomento y desarrollo de nuevos emprendimientos. Esta exclusi\u00f3n aplicar\u00e1 durante dos (2) a\u00f1os contados a partir de la inscripci\u00f3n en el Registro Nacional de Emprendimiento.<\/p>\n<p style=\"text-align: justify;\">\u00a0b)\u00a0\u00a0\u00a0 Los que se dediquen exclusivamente a la explotaci\u00f3n primaria de las actividades agr\u00edcolas, en los subsectores vegetal, av\u00edcola, pecuario, forestal, pesquero y acu\u00edcola. A los efectos de esta Providencia Administrativa se entiende por explotaci\u00f3n primaria s\u00f3lo aquellos contribuyentes que realicen la simple producci\u00f3n de frutos, productos 0, bienes que se obtengan de la naturaleza, as\u00ed como la cr\u00eda de animales para la producci\u00f3n de carne y subproductos proteicos de origen animal para el consumo humano, siempre que \u00e9stos no se sometan a ning\u00fan proceso de transformaci\u00f3n o de industrializaci\u00f3n.<\/p>\n<p style=\"text-align: justify;\">\u00a0c)\u00a0\u00a0\u00a0 Las organizaciones comunitarias, las comunidades organizadas y todas las instancias del Poder Popular debidamente constituida en Comunas, conforme a Ley Org\u00e1nica de Comunas e inscritos en el Registro \u00danico de Informaci\u00f3n Fiscal con la letra (C).<\/p>\n<p style=\"text-align: justify;\">\u00a0d)\u00a0\u00a0\u00a0 Los sujetos pasivos que tengan menos de un (1) a\u00f1o de haber iniciado las operaciones comerciales debidamente comprobada; quedan excluidos de este supuesto los sujetos pasivos que inicien actividades como instituciones financieras, seguros, reaseguros y aquellas que ejecuten proyectos de obras y de construcci\u00f3n<\/p>\n<p style=\"text-align: justify;\">\u00a0\u00a0En los \u00faltimos a\u00f1os por el fen\u00f3meno inflacionario y la devaluaci\u00f3n monetaria, convirti\u00f3 el baremo de base imponible el cual era la Unidad Tributaria (U.T.) en un valor muy f\u00e1cil de alcanzar, hasta la puesta en vigencia de esta nueva providencia administrativa casi cualquier persona natural o jur\u00eddica pod\u00eda ser considerada Sujeto Pasivo Especial, lo que tambi\u00e9n significa que son demasiados los comercios, empresa peque\u00f1as, bodegas reducidas de las localidades, emprendimientos y cualquier otro medio de percepci\u00f3n de ingresos, ya sea trabajo o comercio que cumpl\u00edan con la caracter\u00edstica para estar determinados as\u00ed.<\/p>\n<p style=\"text-align: justify;\">Con el cambio de baremo de c\u00e1lculo, que a\u00fan sigue permaneciendo en un punto bajo, por lo menos se ha logrado que no cualquier persona natural o jur\u00eddica llegue al valor a alcanzar para ser considerado un Sujeto Pasivo Especial, lo que genera la duda de \u00bfQui\u00e9nes ya est\u00e1n categorizados como Sujeto Pasivo Especial pero por la actualizaci\u00f3n ya no cumplen con ning\u00fan requisitos para serlo permanecer\u00e1n con esta categor\u00eda sin ninguna modificaci\u00f3n?<\/p>\n<p style=\"text-align: justify;\">Es irracional pensar que quien no cumple con las caracter\u00edsticas para ser determinado de cierta manera permanezca as\u00ed solo por en alg\u00fan momento haber ostentado dicha categor\u00eda, lo que significa que quienes tengan la intenci\u00f3n de solicitarle a la administraci\u00f3n tributaria se les retire la categor\u00eda de Sujeto Pasivo Especial tendr\u00e1 que asesorarse con el abogado de su confianza para poder solicitar dicha desacreditaci\u00f3n.<\/p>\n","protected":false},"excerpt":{"rendered":"<p>&nbsp; La nueva Providencia Administrativa sobre Sujetos Pasivos Especiales, publicada el 14 de marzo de 2023 nos trae como novedad algunas modificaciones que aplican directamente sobre los contribuyentes que estaban calificados en dicha categor\u00eda hasta la fecha, adem\u00e1s de otorgar una unidad de medida\u00a0 aunque baja, m\u00e1s racional en relaci\u00f3n al baremo de c\u00e1lculo para determinar qui\u00e9nes pueden ser considerados [&hellip;]<\/p>\n","protected":false},"author":2,"featured_media":0,"comment_status":"closed","ping_status":"closed","sticky":false,"template":"","format":"standard","meta":{"footnotes":""},"categories":[1],"tags":[],"_links":{"self":[{"href":"https:\/\/www.abintabogados.com\/web\/wp-json\/wp\/v2\/posts\/2020"}],"collection":[{"href":"https:\/\/www.abintabogados.com\/web\/wp-json\/wp\/v2\/posts"}],"about":[{"href":"https:\/\/www.abintabogados.com\/web\/wp-json\/wp\/v2\/types\/post"}],"author":[{"embeddable":true,"href":"https:\/\/www.abintabogados.com\/web\/wp-json\/wp\/v2\/users\/2"}],"replies":[{"embeddable":true,"href":"https:\/\/www.abintabogados.com\/web\/wp-json\/wp\/v2\/comments?post=2020"}],"version-history":[{"count":3,"href":"https:\/\/www.abintabogados.com\/web\/wp-json\/wp\/v2\/posts\/2020\/revisions"}],"predecessor-version":[{"id":2023,"href":"https:\/\/www.abintabogados.com\/web\/wp-json\/wp\/v2\/posts\/2020\/revisions\/2023"}],"wp:attachment":[{"href":"https:\/\/www.abintabogados.com\/web\/wp-json\/wp\/v2\/media?parent=2020"}],"wp:term":[{"taxonomy":"category","embeddable":true,"href":"https:\/\/www.abintabogados.com\/web\/wp-json\/wp\/v2\/categories?post=2020"},{"taxonomy":"post_tag","embeddable":true,"href":"https:\/\/www.abintabogados.com\/web\/wp-json\/wp\/v2\/tags?post=2020"}],"curies":[{"name":"wp","href":"https:\/\/api.w.org\/{rel}","templated":true}]}}