{"id":2098,"date":"2023-10-22T22:13:36","date_gmt":"2023-10-22T22:13:36","guid":{"rendered":"https:\/\/www.abintabogados.com\/web\/?p=2098"},"modified":"2023-10-22T22:13:36","modified_gmt":"2023-10-22T22:13:36","slug":"asi-se-puede-obtener-la-nacionalidad-colombiana-por-adopcion","status":"publish","type":"post","link":"https:\/\/www.abintabogados.com\/web\/2023\/10\/22\/asi-se-puede-obtener-la-nacionalidad-colombiana-por-adopcion\/","title":{"rendered":"As\u00ed se puede obtener la nacionalidad colombiana por adopci\u00f3n."},"content":{"rendered":"<p><a href=\"https:\/\/www.abintabogados.com\/web\/wp-content\/uploads\/2023\/10\/adopcion.jpg\"><img fetchpriority=\"high\" decoding=\"async\" class=\"alignnone size-medium wp-image-2097\" alt=\"adopcion\" src=\"https:\/\/www.abintabogados.com\/web\/wp-content\/uploads\/2023\/10\/adopcion-200x300.jpg\" width=\"200\" height=\"300\" srcset=\"https:\/\/www.abintabogados.com\/web\/wp-content\/uploads\/2023\/10\/adopcion-200x300.jpg 200w, https:\/\/www.abintabogados.com\/web\/wp-content\/uploads\/2023\/10\/adopcion-600x900.jpg 600w, https:\/\/www.abintabogados.com\/web\/wp-content\/uploads\/2023\/10\/adopcion-682x1024.jpg 682w, https:\/\/www.abintabogados.com\/web\/wp-content\/uploads\/2023\/10\/adopcion-scaled.jpg 1707w\" sizes=\"(max-width: 200px) 100vw, 200px\" \/><\/a><\/p>\n<p style=\"text-align: justify;\"><b>Desde el 25 de septiembre entr\u00f3 en vigencia la Ley 2332 del 2023<\/b>, que consagra que los extranjeros residentes en Colombia deben permanecer en el pa\u00eds por cinco a\u00f1os continuos, contados a partir de la fecha de expedici\u00f3n de la visa de residente.<\/p>\n<p style=\"text-align: justify;\">Sin embargo, la Canciller\u00eda indic\u00f3 que\u00a0<b>la misma deroga a la Ley 43 de 1993\u00a0<\/b>y que en su lugar estableci\u00f3 los requisitos y los procedimientos necesarios para<b>\u00a0la adquisici\u00f3n, p\u00e9rdida y la recuperaci\u00f3n de la nacionalidad colombiana.<\/b><\/p>\n<p style=\"text-align: justify;\">De acuerdo con la Ley 2332 de 2023, en su art\u00edculo sexto\u00a0<b>se determin\u00f3 la adopci\u00f3n de un extranjero\u00a0<\/b>que cumpla con los requisitos establecidos en la Constituci\u00f3n y en la normatividad vigente.<\/p>\n<p style=\"text-align: justify;\">A partir de eso, los extranjeros residentes en Colombia que deseen iniciar el tr\u00e1mite de\u00a0<b><i>Naturalizaci\u00f3n<\/i>\u00a0deber\u00e1n evidenciar un domicilio en el pa\u00eds por el t\u00e9rmino de cinco a\u00f1os continuos.<\/b><\/p>\n<p style=\"text-align: justify;\">Cabe resaltar que el tiempo de residencia\u00a0<b>se reducir\u00e1 a dos a\u00f1os,<\/b>\u00a0si el extranjero cumple con algunas de las siguientes condiciones:<\/p>\n<ul style=\"text-align: justify;\">\n<li>Estar casado o tener compa\u00f1ero (a) permanente colombiano(a).<\/li>\n<li>Tener hijos colombianos.<\/li>\n<li>Ser nacional espa\u00f1ol.<\/li>\n<\/ul>\n<p style=\"text-align: justify;\">La Canciller\u00eda destac\u00f3 que durante el proceso administrativo del tr\u00e1mite,\u00a0<b>el extranjero debe mantener su visa de residente, c\u00e9dula de extranjer\u00eda y pasaportes vigentes<\/b>. \u201cToda vez que el proceso de naturalizaci\u00f3n no exime a los extranjeros de cumplir con sus obligaciones migratorias\u201d.<\/p>\n<p style=\"text-align: justify;\">Dentro del tr\u00e1mite de naturalizaci\u00f3n, el extranjero deber\u00e1 acreditar a trav\u00e9s de un examen conocimientos sobre la\u00a0<b>Constituci\u00f3n Pol\u00edtica, historia patria, cultura y geograf\u00eda de Colombia.<\/b><\/p>\n<p style=\"text-align: justify;\">La dependencia nacional aclar\u00f3 que, si el extranjero cumple alguna de las siguientes condiciones,\u00a0<b>no deber\u00e1 presentar el examen de conocimiento:<\/b><\/p>\n<ul style=\"text-align: justify;\">\n<li>Ser mayor de 60 a\u00f1os<\/li>\n<li>Contar con un t\u00edtulo de bachiller, pregrado o postgrado en Colombia<\/li>\n<li>Tener alguna discapacidad cognitiva<\/li>\n<li>Pertenecer a una comunidad ind\u00edgena<\/li>\n<\/ul>\n<p style=\"text-align: justify;\">Por otra parte, con la entrada en vigencia de la Ley 2332, las solicitudes de nacionalidad colombiana por adopci\u00f3n que hayan sido registradas en el Sistema Integral de Tr\u00e1mites al Ciudadano (Sitac) con fecha de pago hasta el 24 de septiembre, continuar\u00e1n su proceso con la antigua Ley 43 de 1993.<\/p>\n<p style=\"text-align: justify;\">En ese caso, los extranjeros deben presentar los siguientes documentos para formalizar el tr\u00e1mite:<\/p>\n<ul style=\"text-align: justify;\">\n<li>Oficio motivado, dirigido al ministro de Relaciones Exteriores solicitando la nacionalidad colombiana, debidamente firmado.<\/li>\n<li>Copia de la Visa de Residente titular o beneficiario.<\/li>\n<li><b>Copia de la c\u00e9dula de extranjer\u00eda vigente.<\/b><\/li>\n<li>Copia simple de la p\u00e1gina de datos biogr\u00e1ficos del pasaporte vigente.<\/li>\n<li><b>Registro Civil de nacimiento\u00a0<\/b>que acredite de forma id\u00f3nea el lugar exacto y fecha de nacimiento del solicitante<\/li>\n<li>Acreditar mediante documento id\u00f3neo profesi\u00f3n, actividad u oficio del solicitante o de la persona de quien dependa econ\u00f3micamente.<\/li>\n<li>Aportar un documento id\u00f3neo que\u00a0<b>compruebe si el solicitante se encuentra casado<\/b>, o sea compa\u00f1ero(a) permanente de nacional colombiano, o tenga hijos colombianos.<\/li>\n<li>Aportar copia del acta o diploma de grado en el evento en que haya culminado estudios secundarios o universitarios en el territorio nacional. En caso contrario, deber\u00e1 presentar los ex\u00e1menes de conocimiento de que trata la presente ley.<\/li>\n<li>Cuando los solicitantes pertenezcan a una comunidad ind\u00edgena, deber\u00e1 presentar documento id\u00f3neo expedido por la\u00a0<b>autoridad competente de su comunidad de origen<\/b>.<\/li>\n<li>Los solicitantes con discapacidad cognitiva deber\u00e1n aportar certificado en el que conste tal condici\u00f3n, expedido por el profesional competente.<\/li>\n<\/ul>\n<p style=\"text-align: justify;\">En el caso de que el solicitante no acredite alguno de los requisitos y\/o documentos anteriormente mencionados, deber\u00e1 presentar un oficio dirigido al l\u00edder de la Canciller\u00eda en el que indique las razones por las que le fue imposible el cumplimiento de dicho apartado.<\/p>\n<p style=\"text-align: justify;\">Posteriormente, ser\u00e1 decisi\u00f3n del Ministerio de Relaciones Exteriores considerar la autorizaci\u00f3n de pruebas que suplan el requisito faltante, si fuera el caso, para dar continuidad formal al tr\u00e1mite.<\/p>\n","protected":false},"excerpt":{"rendered":"<p>Desde el 25 de septiembre entr\u00f3 en vigencia la Ley 2332 del 2023, que consagra que los extranjeros residentes en Colombia deben permanecer en el pa\u00eds por cinco a\u00f1os continuos, contados a partir de la fecha de expedici\u00f3n de la visa de residente. Sin embargo, la Canciller\u00eda indic\u00f3 que\u00a0la misma deroga a la Ley 43 de 1993\u00a0y que en su [&hellip;]<\/p>\n","protected":false},"author":2,"featured_media":0,"comment_status":"closed","ping_status":"closed","sticky":false,"template":"","format":"standard","meta":{"footnotes":""},"categories":[1],"tags":[],"_links":{"self":[{"href":"https:\/\/www.abintabogados.com\/web\/wp-json\/wp\/v2\/posts\/2098"}],"collection":[{"href":"https:\/\/www.abintabogados.com\/web\/wp-json\/wp\/v2\/posts"}],"about":[{"href":"https:\/\/www.abintabogados.com\/web\/wp-json\/wp\/v2\/types\/post"}],"author":[{"embeddable":true,"href":"https:\/\/www.abintabogados.com\/web\/wp-json\/wp\/v2\/users\/2"}],"replies":[{"embeddable":true,"href":"https:\/\/www.abintabogados.com\/web\/wp-json\/wp\/v2\/comments?post=2098"}],"version-history":[{"count":1,"href":"https:\/\/www.abintabogados.com\/web\/wp-json\/wp\/v2\/posts\/2098\/revisions"}],"predecessor-version":[{"id":2099,"href":"https:\/\/www.abintabogados.com\/web\/wp-json\/wp\/v2\/posts\/2098\/revisions\/2099"}],"wp:attachment":[{"href":"https:\/\/www.abintabogados.com\/web\/wp-json\/wp\/v2\/media?parent=2098"}],"wp:term":[{"taxonomy":"category","embeddable":true,"href":"https:\/\/www.abintabogados.com\/web\/wp-json\/wp\/v2\/categories?post=2098"},{"taxonomy":"post_tag","embeddable":true,"href":"https:\/\/www.abintabogados.com\/web\/wp-json\/wp\/v2\/tags?post=2098"}],"curies":[{"name":"wp","href":"https:\/\/api.w.org\/{rel}","templated":true}]}}