{"id":2500,"date":"2024-09-08T17:22:17","date_gmt":"2024-09-08T21:22:17","guid":{"rendered":"https:\/\/www.abintabogados.com\/web\/?p=2500"},"modified":"2024-09-08T17:22:17","modified_gmt":"2024-09-08T21:22:17","slug":"conflicto-de-derechos-de-autor-caso-de-nelson-velasquez","status":"publish","type":"post","link":"https:\/\/www.abintabogados.com\/web\/2024\/09\/08\/conflicto-de-derechos-de-autor-caso-de-nelson-velasquez\/","title":{"rendered":"Conflicto de Derechos de Autor: Caso de Nels\u00f3n Vel\u00e1squez"},"content":{"rendered":"\n<figure class=\"wp-block-image size-large\"><a href=\"https:\/\/www.abintabogados.com\/web\/wp-content\/uploads\/2024\/09\/1-1-scaled.jpg\"><img fetchpriority=\"high\" decoding=\"async\" width=\"683\" height=\"1024\" src=\"https:\/\/www.abintabogados.com\/web\/wp-content\/uploads\/2024\/09\/1-1-683x1024.jpg\" alt=\"\" class=\"wp-image-2501\" srcset=\"https:\/\/www.abintabogados.com\/web\/wp-content\/uploads\/2024\/09\/1-1-683x1024.jpg 683w, https:\/\/www.abintabogados.com\/web\/wp-content\/uploads\/2024\/09\/1-1-200x300.jpg 200w, https:\/\/www.abintabogados.com\/web\/wp-content\/uploads\/2024\/09\/1-1-768x1152.jpg 768w, https:\/\/www.abintabogados.com\/web\/wp-content\/uploads\/2024\/09\/1-1-1024x1536.jpg 1024w, https:\/\/www.abintabogados.com\/web\/wp-content\/uploads\/2024\/09\/1-1-1365x2048.jpg 1365w, https:\/\/www.abintabogados.com\/web\/wp-content\/uploads\/2024\/09\/1-1-600x900.jpg 600w, https:\/\/www.abintabogados.com\/web\/wp-content\/uploads\/2024\/09\/1-1-scaled.jpg 1706w\" sizes=\"(max-width: 683px) 100vw, 683px\" \/><\/a><\/figure>\n\n\n\n<p><\/p>\n\n\n\n<p>Nelson Vel\u00e1squez, un destacado cantante de vallenato colombiano, ha sido condenado a 4 a\u00f1os de prisi\u00f3n y una multa de m\u00e1s de 20 millones de pesos colombianos por violaci\u00f3n a los derechos de autor.<\/p>\n\n\n\n<p>La sentencia dictada por el Juzgado Once Penal del Circuito de Medell\u00edn, se deriva de una demanda presentada por Jair L\u00f3pez, representante de la agrupaci\u00f3n \u201c<em>Los Inquietos del Vallenato<\/em>\u201d, con la que Vel\u00e1squez estuvo asociado hasta 2004.<\/p>\n\n\n\n<p><strong><em>Origen de los conflictos<\/em><\/strong><\/p>\n\n\n\n<p>Nelson Vel\u00e1squez, fue uno de los miembros fundadores y la voz principal de Los Inquietos del Vallenato durante m\u00e1s de una d\u00e9cada. Despu\u00e9s de dejar la agrupaci\u00f3n, Vel\u00e1squez firm\u00f3 un acuerdo de desvinculaci\u00f3n en el que pago una suma considerable de dinero, adem\u00e1s se comprometi\u00f3 a no realizar presentaciones bajo el nombre del grupo.<\/p>\n\n\n\n<p>Sin embargo, en 2012, Jair L\u00f3pez, representante legal y propietario de Los Inquietos del Vallenato, present\u00f3 una demanda contra Vel\u00e1squez acus\u00e1ndolo de seguir interpretando canciones del grupo sin autorizaci\u00f3n y promocion\u00e1ndose como si a\u00fan formar\u00e1 parte de la agrupaci\u00f3n.<\/p>\n\n\n\n<p>La defensa de Vel\u00e1squez argumentaba que, como interprete original de las canciones ten\u00eda derecho a seguirlas cantando. Sin embargo no funciona as\u00ed, los derechos de autor son normas que protegen las creaciones art\u00edsticas, incluyendo la m\u00fasica, adem\u00e1s otorgan a los autores el control de la reproducci\u00f3n, distribuci\u00f3n y transformaci\u00f3n de sus obras.<\/p>\n\n\n\n<p>Y para poder interpretar una canci\u00f3n protegida por derechos de autor, el int\u00e9rprete debe obtener una licencia del titular de los derechos, sin est\u00e1 autorizaci\u00f3n la interpretaci\u00f3n puede considerarse una infracci\u00f3n a los derechos de autor.<\/p>\n\n\n\n<p>El caso de Nelson Vel\u00e1squez ilustra de manera contundente la importancia de proteger los derechos de autor en la industria musical. La condena del cantante por violaci\u00f3n a estos derechos subraya la necesidad de que los artistas comprendan y respeten las leyes que protegen tanto su trabajo como el de otros.<\/p>\n\n\n\n<p>La sentencia de 4 a\u00f1os de prisi\u00f3n, aunque suspendida, resalta las consecuencias legales que pueden derivarse de la falta de respeto hacia los derechos de autor. Conocer y respetar estos derechos es crucial para evitar conflictos legales y proteger la creatividad. Este caso sirve como un recordatorio para todos los artistas de la importancia de obtener las licencias necesarias y actuar dentro del marco legal, asegurando as\u00ed un ambiente justo y equitativo en el mundo art\u00edstico.<\/p>\n\n\n\n<p>Maria Gabriela Rivas.<\/p>\n","protected":false},"excerpt":{"rendered":"<p>Nelson Vel\u00e1squez, un destacado cantante de vallenato colombiano, ha sido condenado a 4 a\u00f1os de prisi\u00f3n y una multa de m\u00e1s de 20 millones de pesos colombianos por violaci\u00f3n a los derechos de autor. La sentencia dictada por el Juzgado Once Penal del Circuito de Medell\u00edn, se deriva de una demanda presentada por Jair L\u00f3pez, representante de la agrupaci\u00f3n \u201cLos [&hellip;]<\/p>\n","protected":false},"author":1,"featured_media":0,"comment_status":"open","ping_status":"closed","sticky":false,"template":"","format":"aside","meta":{"footnotes":""},"categories":[107],"tags":[],"_links":{"self":[{"href":"https:\/\/www.abintabogados.com\/web\/wp-json\/wp\/v2\/posts\/2500"}],"collection":[{"href":"https:\/\/www.abintabogados.com\/web\/wp-json\/wp\/v2\/posts"}],"about":[{"href":"https:\/\/www.abintabogados.com\/web\/wp-json\/wp\/v2\/types\/post"}],"author":[{"embeddable":true,"href":"https:\/\/www.abintabogados.com\/web\/wp-json\/wp\/v2\/users\/1"}],"replies":[{"embeddable":true,"href":"https:\/\/www.abintabogados.com\/web\/wp-json\/wp\/v2\/comments?post=2500"}],"version-history":[{"count":1,"href":"https:\/\/www.abintabogados.com\/web\/wp-json\/wp\/v2\/posts\/2500\/revisions"}],"predecessor-version":[{"id":2502,"href":"https:\/\/www.abintabogados.com\/web\/wp-json\/wp\/v2\/posts\/2500\/revisions\/2502"}],"wp:attachment":[{"href":"https:\/\/www.abintabogados.com\/web\/wp-json\/wp\/v2\/media?parent=2500"}],"wp:term":[{"taxonomy":"category","embeddable":true,"href":"https:\/\/www.abintabogados.com\/web\/wp-json\/wp\/v2\/categories?post=2500"},{"taxonomy":"post_tag","embeddable":true,"href":"https:\/\/www.abintabogados.com\/web\/wp-json\/wp\/v2\/tags?post=2500"}],"curies":[{"name":"wp","href":"https:\/\/api.w.org\/{rel}","templated":true}]}}