{"id":268,"date":"2014-10-01T18:48:47","date_gmt":"2014-10-01T18:48:47","guid":{"rendered":"http:\/\/www.abintabogados.com\/web\/?p=268"},"modified":"2014-10-01T18:48:47","modified_gmt":"2014-10-01T18:48:47","slug":"sobre-las-enfermedades-profesionales","status":"publish","type":"post","link":"https:\/\/www.abintabogados.com\/web\/2014\/10\/01\/sobre-las-enfermedades-profesionales\/","title":{"rendered":"Sobre las enfermedades profesionales."},"content":{"rendered":"<p>La lista actualizada incluye una serie de enfermedades profesionales reconocidas internacionalmente, desde enfermedades causadas por agentes qu\u00edmicos, f\u00edsicos y biol\u00f3gicos hasta enfermedades de origen respiratorio y de la piel, trastornos del sistema osteomuscular y c\u00e1ncer profesional. Por primera vez se han incluido de manera espec\u00edfica en la lista de la OIT los trastornos mentales y del comportamiento. En las secciones de la lista sobre enfermedades profesionales se incluyen adem\u00e1s puntos abiertos. Los puntos abiertos permiten el reconocimiento del origen profesional de enfermedades que no figuran en la lista siempre y cuando se haya establecido un v\u00ednculo entre la exposici\u00f3n a los factores de riesgo que resulte de la actividad laboral y las enfermedades contra\u00eddas por el trabajador.<\/p>\n<p>La presente publicaci\u00f3n incluye la misma lista actualizada de enfermedades profesionales, el documento \u00abIdentificaci\u00f3n y reconocimiento de las enfermedades profesionales: Criterios para incluir enfermedades en la lista de enfermedades profesionales de la OIT\u00bb, y los informes de las dos reuniones de expertos (2005 y 2009) en las que se elabor\u00f3 la lista de enfermedades profesionales.<\/p>\n<p><strong>Descargas:<\/strong><\/p>\n<ul>\n<li><a href=\"http:\/\/www.mundocupacional.com\/wp-content\/uploads\/2014\/09\/Lista_enfermedades_ocupacionales.pdf\" target=\"_blank\">Espa\u00f1ol (0.8 MB)<\/a><\/li>\n<\/ul>\n<p>&nbsp;<\/p>\n<p><strong>Fuente: <a href=\"http:\/\/www.ilo.org\/wcmsp5\/groups\/public\/---ed_protect\/---protrav\/---safework\/documents\/publication\/wcms_150327.pdf\" target=\"_blank\">Organizaci\u00f3n Internacional del Trabajo (OIT)<\/a><\/strong><\/p>\n","protected":false},"excerpt":{"rendered":"<p>La lista actualizada incluye una serie de enfermedades profesionales reconocidas internacionalmente, desde enfermedades causadas por agentes qu\u00edmicos, f\u00edsicos y biol\u00f3gicos hasta enfermedades de origen respiratorio y de la piel, trastornos del sistema osteomuscular y c\u00e1ncer profesional. Por primera vez se han incluido de manera espec\u00edfica en la lista de la OIT los trastornos mentales y del comportamiento. En las secciones [&hellip;]<\/p>\n","protected":false},"author":2,"featured_media":0,"comment_status":"closed","ping_status":"closed","sticky":false,"template":"","format":"standard","meta":{"footnotes":""},"categories":[1],"tags":[],"_links":{"self":[{"href":"https:\/\/www.abintabogados.com\/web\/wp-json\/wp\/v2\/posts\/268"}],"collection":[{"href":"https:\/\/www.abintabogados.com\/web\/wp-json\/wp\/v2\/posts"}],"about":[{"href":"https:\/\/www.abintabogados.com\/web\/wp-json\/wp\/v2\/types\/post"}],"author":[{"embeddable":true,"href":"https:\/\/www.abintabogados.com\/web\/wp-json\/wp\/v2\/users\/2"}],"replies":[{"embeddable":true,"href":"https:\/\/www.abintabogados.com\/web\/wp-json\/wp\/v2\/comments?post=268"}],"version-history":[{"count":3,"href":"https:\/\/www.abintabogados.com\/web\/wp-json\/wp\/v2\/posts\/268\/revisions"}],"predecessor-version":[{"id":271,"href":"https:\/\/www.abintabogados.com\/web\/wp-json\/wp\/v2\/posts\/268\/revisions\/271"}],"wp:attachment":[{"href":"https:\/\/www.abintabogados.com\/web\/wp-json\/wp\/v2\/media?parent=268"}],"wp:term":[{"taxonomy":"category","embeddable":true,"href":"https:\/\/www.abintabogados.com\/web\/wp-json\/wp\/v2\/categories?post=268"},{"taxonomy":"post_tag","embeddable":true,"href":"https:\/\/www.abintabogados.com\/web\/wp-json\/wp\/v2\/tags?post=268"}],"curies":[{"name":"wp","href":"https:\/\/api.w.org\/{rel}","templated":true}]}}