{"id":2683,"date":"2025-02-08T19:28:20","date_gmt":"2025-02-08T23:28:20","guid":{"rendered":"https:\/\/www.abintabogados.com\/web\/?p=2683"},"modified":"2025-02-08T19:28:20","modified_gmt":"2025-02-08T23:28:20","slug":"tutelan-derechos-de-mujer-a-quien-sus-hermanos-no-dejaban-ver-a-su-madre","status":"publish","type":"post","link":"https:\/\/www.abintabogados.com\/web\/2025\/02\/08\/tutelan-derechos-de-mujer-a-quien-sus-hermanos-no-dejaban-ver-a-su-madre\/","title":{"rendered":"Tutelan derechos de mujer a quien sus hermanos no dejaban ver a su madre"},"content":{"rendered":"\n<figure class=\"wp-block-image size-large\"><a href=\"https:\/\/www.abintabogados.com\/web\/wp-content\/uploads\/2025\/02\/madreehija-scaled.jpg\"><img fetchpriority=\"high\" decoding=\"async\" width=\"1024\" height=\"683\" src=\"https:\/\/www.abintabogados.com\/web\/wp-content\/uploads\/2025\/02\/madreehija-1024x683.jpg\" alt=\"\" class=\"wp-image-2684\" srcset=\"https:\/\/www.abintabogados.com\/web\/wp-content\/uploads\/2025\/02\/madreehija-1024x683.jpg 1024w, https:\/\/www.abintabogados.com\/web\/wp-content\/uploads\/2025\/02\/madreehija-300x200.jpg 300w, https:\/\/www.abintabogados.com\/web\/wp-content\/uploads\/2025\/02\/madreehija-768x512.jpg 768w, https:\/\/www.abintabogados.com\/web\/wp-content\/uploads\/2025\/02\/madreehija-1536x1024.jpg 1536w, https:\/\/www.abintabogados.com\/web\/wp-content\/uploads\/2025\/02\/madreehija-2048x1365.jpg 2048w, https:\/\/www.abintabogados.com\/web\/wp-content\/uploads\/2025\/02\/madreehija-600x400.jpg 600w\" sizes=\"(max-width: 1024px) 100vw, 1024px\" \/><\/a><\/figure>\n\n\n\n<p><\/p>\n\n\n\n<p>La Corte Constitucional conoci\u00f3 una acci\u00f3n de tutela instaurada por&nbsp;una mujer en contra de&nbsp;sus hermanos, con el fin de obtener la protecci\u00f3n de sus derechos fundamentales a&nbsp;la familia, dignidad humana y deber de solidaridad, ya que&nbsp;<strong>ellos no le han permitido tener contacto o visitar a su madre, una persona de la tercera edad con quebrantos de salud.<\/strong><\/p>\n\n\n\n<p>Seg\u00fan el alto tribunal, que ampar\u00f3 los derechos invocados, si bien los accionados prestaron todos los cuidados de salud requeridos por su madre,&nbsp;desconocieron sus derechos fundamentales a mantener su unidad y armon\u00eda familiar, as\u00ed como preservar el contacto directo y f\u00edsico entre ella y la accionante, cuando ello fuese posible.<\/p>\n\n\n\n<p>Particularmente, se observ\u00f3 que<strong>&nbsp;los accionados&nbsp;obstaculizaron la voluntad de la madre y la hija de preservar su unidad familiar&nbsp;<\/strong>y de conservar sus lazos de solidaridad, amor, respeto y cuidado. En momentos donde no era posible garantizar la unidad familiar, tampoco facilitaron el ejercicio del derecho de las accionantes a tener contacto entre ellas a distancia.<\/p>\n\n\n\n<p><strong>Independencia y autonom\u00eda<\/strong><\/p>\n\n\n\n<p>De otra parte, indic\u00f3 la Sala, los accionados tambi\u00e9n vulneraron el derecho fundamental a la independencia y autonom\u00eda de la madre, pues adoptaron un enfoque&nbsp;err\u00f3neo frente a la autonom\u00eda e independencia que presupone su incapacidad, desconociendo su capacidad de tomar sus propias decisiones y tener independencia en sus acciones.<\/p>\n\n\n\n<p>La Corte record\u00f3 que el derecho a la familia, unidad familiar y a tener contacto con familiares gozan de protecci\u00f3n constitucional, por lo que revoc\u00f3 las decisiones de instancia que declararon improcedente la tutela y, en su lugar, concedi\u00f3 el amparo de los derechos fundamentales&nbsp;a la familia, unidad familiar y a tener contacto con familiares de la accionante y de su madre y al derecho a la independencia y autonom\u00eda de esta \u00faltima&nbsp;<strong>concediendo que la accionante tenga acceso a la informaci\u00f3n m\u00e9dica de su madre.<\/strong><\/p>\n\n\n\n<p>Orden\u00f3 a los accionados que, en lo sucesivo, se abstengan de incurrir en comportamientos que obstaculicen la unidad familiar y el contacto f\u00edsico y virtual entre&nbsp;la accionante y su madre o&nbsp;que desconozcan el derecho a la independencia y autonom\u00eda de esta \u00faltima. Corresponde a la Defensor\u00eda del Pueblo realizar seguimiento a la situaci\u00f3n de los derechos fundamentales de&nbsp;la madre y el relacionamiento con sus hijos&nbsp;<strong>(M. P. Jorge Enrique Ib\u00e1\u00f1ez Najar).<\/strong><\/p>\n","protected":false},"excerpt":{"rendered":"<p>La Corte Constitucional conoci\u00f3 una acci\u00f3n de tutela instaurada por&nbsp;una mujer en contra de&nbsp;sus hermanos, con el fin de obtener la protecci\u00f3n de sus derechos fundamentales a&nbsp;la familia, dignidad humana y deber de solidaridad, ya que&nbsp;ellos no le han permitido tener contacto o visitar a su madre, una persona de la tercera edad con quebrantos de salud. Seg\u00fan el alto [&hellip;]<\/p>\n","protected":false},"author":2,"featured_media":0,"comment_status":"closed","ping_status":"closed","sticky":false,"template":"","format":"standard","meta":{"footnotes":""},"categories":[1],"tags":[],"_links":{"self":[{"href":"https:\/\/www.abintabogados.com\/web\/wp-json\/wp\/v2\/posts\/2683"}],"collection":[{"href":"https:\/\/www.abintabogados.com\/web\/wp-json\/wp\/v2\/posts"}],"about":[{"href":"https:\/\/www.abintabogados.com\/web\/wp-json\/wp\/v2\/types\/post"}],"author":[{"embeddable":true,"href":"https:\/\/www.abintabogados.com\/web\/wp-json\/wp\/v2\/users\/2"}],"replies":[{"embeddable":true,"href":"https:\/\/www.abintabogados.com\/web\/wp-json\/wp\/v2\/comments?post=2683"}],"version-history":[{"count":1,"href":"https:\/\/www.abintabogados.com\/web\/wp-json\/wp\/v2\/posts\/2683\/revisions"}],"predecessor-version":[{"id":2685,"href":"https:\/\/www.abintabogados.com\/web\/wp-json\/wp\/v2\/posts\/2683\/revisions\/2685"}],"wp:attachment":[{"href":"https:\/\/www.abintabogados.com\/web\/wp-json\/wp\/v2\/media?parent=2683"}],"wp:term":[{"taxonomy":"category","embeddable":true,"href":"https:\/\/www.abintabogados.com\/web\/wp-json\/wp\/v2\/categories?post=2683"},{"taxonomy":"post_tag","embeddable":true,"href":"https:\/\/www.abintabogados.com\/web\/wp-json\/wp\/v2\/tags?post=2683"}],"curies":[{"name":"wp","href":"https:\/\/api.w.org\/{rel}","templated":true}]}}