{"id":2789,"date":"2025-09-07T17:25:52","date_gmt":"2025-09-07T21:25:52","guid":{"rendered":"https:\/\/www.abintabogados.com\/web\/?p=2789"},"modified":"2025-09-07T17:25:52","modified_gmt":"2025-09-07T21:25:52","slug":"medida-de-permanencia-en-el-hogar-juicio-de-particion-de-comunidad-conyugal","status":"publish","type":"post","link":"https:\/\/www.abintabogados.com\/web\/2025\/09\/07\/medida-de-permanencia-en-el-hogar-juicio-de-particion-de-comunidad-conyugal\/","title":{"rendered":"Medida de permanencia en el hogar. Juicio de partici\u00f3n de Comunidad Conyugal."},"content":{"rendered":"\n<figure class=\"wp-block-image size-large\"><a href=\"https:\/\/www.abintabogados.com\/web\/wp-content\/uploads\/2025\/09\/patrimonio-scaled.jpg\"><img fetchpriority=\"high\" decoding=\"async\" width=\"1024\" height=\"683\" src=\"https:\/\/www.abintabogados.com\/web\/wp-content\/uploads\/2025\/09\/patrimonio-1024x683.jpg\" alt=\"\" class=\"wp-image-2790\" srcset=\"https:\/\/www.abintabogados.com\/web\/wp-content\/uploads\/2025\/09\/patrimonio-1024x683.jpg 1024w, https:\/\/www.abintabogados.com\/web\/wp-content\/uploads\/2025\/09\/patrimonio-300x200.jpg 300w, https:\/\/www.abintabogados.com\/web\/wp-content\/uploads\/2025\/09\/patrimonio-768x512.jpg 768w, https:\/\/www.abintabogados.com\/web\/wp-content\/uploads\/2025\/09\/patrimonio-1536x1024.jpg 1536w, https:\/\/www.abintabogados.com\/web\/wp-content\/uploads\/2025\/09\/patrimonio-2048x1365.jpg 2048w, https:\/\/www.abintabogados.com\/web\/wp-content\/uploads\/2025\/09\/patrimonio-600x400.jpg 600w\" sizes=\"(max-width: 1024px) 100vw, 1024px\" \/><\/a><\/figure>\n\n\n\n<p><\/p>\n\n\n\n<p>En decisi\u00f3n 23-729 del 13 de agosto de 2025, la Sala Social del Tribunal Supremo de Justicia, en un juicio de partici\u00f3n de comunidad de gananciales, entre adultos posterior a su divorcio, procedi\u00f3 a decretar -de oficio-,\u00a0<strong>MEDIDA DE PERMANENCIA EN EL HOGAR<\/strong>\u00a0en beneficio del inter\u00e9s superior y derechos de unas ni\u00f1as para que permanezcan residenciadas con su progenitora\u00a0custodia, en la vivienda principal del hogar que serv\u00eda de domicilio conyugal, \u00a0hasta tanto la ni\u00f1a\u00a0menor alcance la mayor\u00eda de edad. Destacando que dicha medida cautelar tiene un car\u00e1cter temporal, m\u00e1s concretamente provisional, es decir, de duraci\u00f3n limitada por la concurrencia posterior de un hecho esperado, y en cierto sentido de composici\u00f3n y aseguramiento transitorio de la situaci\u00f3n familiar como lo es el cumplimiento de la mayor\u00eda de edad de la hija menor.<\/p>\n","protected":false},"excerpt":{"rendered":"<p>En decisi\u00f3n 23-729 del 13 de agosto de 2025, la Sala Social del Tribunal Supremo de Justicia, en un juicio de partici\u00f3n de comunidad de gananciales, entre adultos posterior a su divorcio, procedi\u00f3 a decretar -de oficio-,\u00a0MEDIDA DE PERMANENCIA EN EL HOGAR\u00a0en beneficio del inter\u00e9s superior y derechos de unas ni\u00f1as para que permanezcan residenciadas con su progenitora\u00a0custodia, en la [&hellip;]<\/p>\n","protected":false},"author":2,"featured_media":0,"comment_status":"closed","ping_status":"closed","sticky":false,"template":"","format":"standard","meta":{"footnotes":""},"categories":[1],"tags":[],"_links":{"self":[{"href":"https:\/\/www.abintabogados.com\/web\/wp-json\/wp\/v2\/posts\/2789"}],"collection":[{"href":"https:\/\/www.abintabogados.com\/web\/wp-json\/wp\/v2\/posts"}],"about":[{"href":"https:\/\/www.abintabogados.com\/web\/wp-json\/wp\/v2\/types\/post"}],"author":[{"embeddable":true,"href":"https:\/\/www.abintabogados.com\/web\/wp-json\/wp\/v2\/users\/2"}],"replies":[{"embeddable":true,"href":"https:\/\/www.abintabogados.com\/web\/wp-json\/wp\/v2\/comments?post=2789"}],"version-history":[{"count":1,"href":"https:\/\/www.abintabogados.com\/web\/wp-json\/wp\/v2\/posts\/2789\/revisions"}],"predecessor-version":[{"id":2791,"href":"https:\/\/www.abintabogados.com\/web\/wp-json\/wp\/v2\/posts\/2789\/revisions\/2791"}],"wp:attachment":[{"href":"https:\/\/www.abintabogados.com\/web\/wp-json\/wp\/v2\/media?parent=2789"}],"wp:term":[{"taxonomy":"category","embeddable":true,"href":"https:\/\/www.abintabogados.com\/web\/wp-json\/wp\/v2\/categories?post=2789"},{"taxonomy":"post_tag","embeddable":true,"href":"https:\/\/www.abintabogados.com\/web\/wp-json\/wp\/v2\/tags?post=2789"}],"curies":[{"name":"wp","href":"https:\/\/api.w.org\/{rel}","templated":true}]}}