{"id":2814,"date":"2025-09-21T14:36:12","date_gmt":"2025-09-21T18:36:12","guid":{"rendered":"https:\/\/www.abintabogados.com\/web\/?p=2814"},"modified":"2025-09-21T14:36:12","modified_gmt":"2025-09-21T18:36:12","slug":"prescripcion-en-acciones-civiles-por-danos-derivados-de-accidentes-de-transito-y-en-materia-penal-como-se-computa","status":"publish","type":"post","link":"https:\/\/www.abintabogados.com\/web\/2025\/09\/21\/prescripcion-en-acciones-civiles-por-danos-derivados-de-accidentes-de-transito-y-en-materia-penal-como-se-computa\/","title":{"rendered":"Prescripci\u00f3n en acciones civiles por da\u00f1os derivados de accidentes de tr\u00e1nsito y en materia penal c\u00f3mo se computa?"},"content":{"rendered":"\n<figure class=\"wp-block-image size-large\"><a href=\"https:\/\/www.abintabogados.com\/web\/wp-content\/uploads\/2025\/09\/choque-scaled.jpg\"><img fetchpriority=\"high\" decoding=\"async\" width=\"1024\" height=\"645\" src=\"https:\/\/www.abintabogados.com\/web\/wp-content\/uploads\/2025\/09\/choque-1024x645.jpg\" alt=\"\" class=\"wp-image-2815\" srcset=\"https:\/\/www.abintabogados.com\/web\/wp-content\/uploads\/2025\/09\/choque-1024x645.jpg 1024w, https:\/\/www.abintabogados.com\/web\/wp-content\/uploads\/2025\/09\/choque-300x189.jpg 300w, https:\/\/www.abintabogados.com\/web\/wp-content\/uploads\/2025\/09\/choque-768x484.jpg 768w, https:\/\/www.abintabogados.com\/web\/wp-content\/uploads\/2025\/09\/choque-1536x968.jpg 1536w, https:\/\/www.abintabogados.com\/web\/wp-content\/uploads\/2025\/09\/choque-2048x1290.jpg 2048w\" sizes=\"(max-width: 1024px) 100vw, 1024px\" \/><\/a><\/figure>\n\n\n\n<p><\/p>\n\n\n\n<p>En la sentencia N\u00ba 1174 del 23 de julio de 2025, la Sala Constitucional confirm\u00f3 que las acciones civiles aut\u00f3nomas por da\u00f1os y perjuicios causados por accidentes de tr\u00e1nsito se rigen por el plazo de prescripci\u00f3n de un a\u00f1o establecido en el art\u00edculo 196 de la Ley de Tr\u00e1nsito Terrestre. La Sala determin\u00f3 que este plazo comienza a contarse desde la fecha del accidente, desestimando la aplicaci\u00f3n del art\u00edculo 53 del C\u00f3digo Org\u00e1nico Procesal Penal (COPP), que suspende la prescripci\u00f3n hasta que la sentencia penal sea firme, ya que este precepto no aplica a acciones civiles aut\u00f3nomas, sino solo a aquellas ejercidas en el tribunal penal que dict\u00f3 la sentencia condenatoria.<\/p>\n","protected":false},"excerpt":{"rendered":"<p>En la sentencia N\u00ba 1174 del 23 de julio de 2025, la Sala Constitucional confirm\u00f3 que las acciones civiles aut\u00f3nomas por da\u00f1os y perjuicios causados por accidentes de tr\u00e1nsito se rigen por el plazo de prescripci\u00f3n de un a\u00f1o establecido en el art\u00edculo 196 de la Ley de Tr\u00e1nsito Terrestre. La Sala determin\u00f3 que este plazo comienza a contarse desde [&hellip;]<\/p>\n","protected":false},"author":2,"featured_media":0,"comment_status":"closed","ping_status":"closed","sticky":false,"template":"","format":"standard","meta":{"footnotes":""},"categories":[1],"tags":[],"_links":{"self":[{"href":"https:\/\/www.abintabogados.com\/web\/wp-json\/wp\/v2\/posts\/2814"}],"collection":[{"href":"https:\/\/www.abintabogados.com\/web\/wp-json\/wp\/v2\/posts"}],"about":[{"href":"https:\/\/www.abintabogados.com\/web\/wp-json\/wp\/v2\/types\/post"}],"author":[{"embeddable":true,"href":"https:\/\/www.abintabogados.com\/web\/wp-json\/wp\/v2\/users\/2"}],"replies":[{"embeddable":true,"href":"https:\/\/www.abintabogados.com\/web\/wp-json\/wp\/v2\/comments?post=2814"}],"version-history":[{"count":1,"href":"https:\/\/www.abintabogados.com\/web\/wp-json\/wp\/v2\/posts\/2814\/revisions"}],"predecessor-version":[{"id":2816,"href":"https:\/\/www.abintabogados.com\/web\/wp-json\/wp\/v2\/posts\/2814\/revisions\/2816"}],"wp:attachment":[{"href":"https:\/\/www.abintabogados.com\/web\/wp-json\/wp\/v2\/media?parent=2814"}],"wp:term":[{"taxonomy":"category","embeddable":true,"href":"https:\/\/www.abintabogados.com\/web\/wp-json\/wp\/v2\/categories?post=2814"},{"taxonomy":"post_tag","embeddable":true,"href":"https:\/\/www.abintabogados.com\/web\/wp-json\/wp\/v2\/tags?post=2814"}],"curies":[{"name":"wp","href":"https:\/\/api.w.org\/{rel}","templated":true}]}}