{"id":2829,"date":"2025-09-21T15:28:29","date_gmt":"2025-09-21T19:28:29","guid":{"rendered":"https:\/\/www.abintabogados.com\/web\/?p=2829"},"modified":"2025-09-21T15:43:26","modified_gmt":"2025-09-21T19:43:26","slug":"sala-constitucional-del-tsj-ordeno-devolucion-de-vehiculo-a-propietario-con-titulo-registral-en-proceso-penal","status":"publish","type":"post","link":"https:\/\/www.abintabogados.com\/web\/2025\/09\/21\/sala-constitucional-del-tsj-ordeno-devolucion-de-vehiculo-a-propietario-con-titulo-registral-en-proceso-penal\/","title":{"rendered":"Sala Constitucional, en caso de diversidad de t\u00edtulos, prela el registral en proceso penal."},"content":{"rendered":"\n<figure class=\"wp-block-image size-large\"><a href=\"https:\/\/www.abintabogados.com\/web\/wp-content\/uploads\/2025\/09\/colision-scaled.jpg\"><img fetchpriority=\"high\" decoding=\"async\" width=\"1024\" height=\"683\" src=\"https:\/\/www.abintabogados.com\/web\/wp-content\/uploads\/2025\/09\/colision-1024x683.jpg\" alt=\"\" class=\"wp-image-2830\" srcset=\"https:\/\/www.abintabogados.com\/web\/wp-content\/uploads\/2025\/09\/colision-1024x683.jpg 1024w, https:\/\/www.abintabogados.com\/web\/wp-content\/uploads\/2025\/09\/colision-300x200.jpg 300w, https:\/\/www.abintabogados.com\/web\/wp-content\/uploads\/2025\/09\/colision-768x512.jpg 768w, https:\/\/www.abintabogados.com\/web\/wp-content\/uploads\/2025\/09\/colision-1536x1024.jpg 1536w, https:\/\/www.abintabogados.com\/web\/wp-content\/uploads\/2025\/09\/colision-2048x1365.jpg 2048w\" sizes=\"(max-width: 1024px) 100vw, 1024px\" \/><\/a><\/figure>\n\n\n\n<p><\/p>\n\n\n\n<p>En la sentencia N\u00ba 1285 del 6 de agosto de 2025, la Sala Constitucional del TSJ orden\u00f3 devolver un veh\u00edculo a su propietario registral en un proceso penal, al comprobarse su titularidad sin dudas. La Sala reafirm\u00f3, seg\u00fan su jurisprudencia y el art\u00edculo 293 del COPP, que los bienes incautados deben entregarse a quien acredite prima facie su derecho de propiedad con documentos emitidos por autoridades administrativas o pruebas l\u00edcitas.La Sala anul\u00f3 la decisi\u00f3n de la Corte de Apelaciones Penal de Lara, que hab\u00eda otorgado el veh\u00edculo a un tercero (comprador en contrato con reserva de dominio), por ignorar los criterios constitucionales y procesales, dado que la propiedad no se hab\u00eda transferido y la disputa contractual deb\u00eda resolverse en la jurisdicci\u00f3n civil.<\/p>\n","protected":false},"excerpt":{"rendered":"<p>En la sentencia N\u00ba 1285 del 6 de agosto de 2025, la Sala Constitucional del TSJ orden\u00f3 devolver un veh\u00edculo a su propietario registral en un proceso penal, al comprobarse su titularidad sin dudas. La Sala reafirm\u00f3, seg\u00fan su jurisprudencia y el art\u00edculo 293 del COPP, que los bienes incautados deben entregarse a quien acredite prima facie su derecho de [&hellip;]<\/p>\n","protected":false},"author":2,"featured_media":0,"comment_status":"closed","ping_status":"closed","sticky":false,"template":"","format":"standard","meta":{"footnotes":""},"categories":[1],"tags":[],"_links":{"self":[{"href":"https:\/\/www.abintabogados.com\/web\/wp-json\/wp\/v2\/posts\/2829"}],"collection":[{"href":"https:\/\/www.abintabogados.com\/web\/wp-json\/wp\/v2\/posts"}],"about":[{"href":"https:\/\/www.abintabogados.com\/web\/wp-json\/wp\/v2\/types\/post"}],"author":[{"embeddable":true,"href":"https:\/\/www.abintabogados.com\/web\/wp-json\/wp\/v2\/users\/2"}],"replies":[{"embeddable":true,"href":"https:\/\/www.abintabogados.com\/web\/wp-json\/wp\/v2\/comments?post=2829"}],"version-history":[{"count":2,"href":"https:\/\/www.abintabogados.com\/web\/wp-json\/wp\/v2\/posts\/2829\/revisions"}],"predecessor-version":[{"id":2832,"href":"https:\/\/www.abintabogados.com\/web\/wp-json\/wp\/v2\/posts\/2829\/revisions\/2832"}],"wp:attachment":[{"href":"https:\/\/www.abintabogados.com\/web\/wp-json\/wp\/v2\/media?parent=2829"}],"wp:term":[{"taxonomy":"category","embeddable":true,"href":"https:\/\/www.abintabogados.com\/web\/wp-json\/wp\/v2\/categories?post=2829"},{"taxonomy":"post_tag","embeddable":true,"href":"https:\/\/www.abintabogados.com\/web\/wp-json\/wp\/v2\/tags?post=2829"}],"curies":[{"name":"wp","href":"https:\/\/api.w.org\/{rel}","templated":true}]}}