{"id":2839,"date":"2025-10-04T19:26:27","date_gmt":"2025-10-04T23:26:27","guid":{"rendered":"https:\/\/www.abintabogados.com\/web\/?p=2839"},"modified":"2025-10-04T19:26:27","modified_gmt":"2025-10-04T23:26:27","slug":"derechos-humanos-y-lucha-contra-la-discriminacion-salvaguardia","status":"publish","type":"post","link":"https:\/\/www.abintabogados.com\/web\/2025\/10\/04\/derechos-humanos-y-lucha-contra-la-discriminacion-salvaguardia\/","title":{"rendered":"Derechos humanos y lucha contra la discriminaci\u00f3n.\u00a0 Salvaguardia"},"content":{"rendered":"\n<figure class=\"wp-block-image size-large\"><a href=\"https:\/\/www.abintabogados.com\/web\/wp-content\/uploads\/2025\/10\/arbitro-scaled.jpg\"><img fetchpriority=\"high\" decoding=\"async\" width=\"1024\" height=\"683\" src=\"https:\/\/www.abintabogados.com\/web\/wp-content\/uploads\/2025\/10\/arbitro-1024x683.jpg\" alt=\"\" class=\"wp-image-2840\" srcset=\"https:\/\/www.abintabogados.com\/web\/wp-content\/uploads\/2025\/10\/arbitro-1024x683.jpg 1024w, https:\/\/www.abintabogados.com\/web\/wp-content\/uploads\/2025\/10\/arbitro-300x200.jpg 300w, https:\/\/www.abintabogados.com\/web\/wp-content\/uploads\/2025\/10\/arbitro-768x512.jpg 768w, https:\/\/www.abintabogados.com\/web\/wp-content\/uploads\/2025\/10\/arbitro-1536x1024.jpg 1536w, https:\/\/www.abintabogados.com\/web\/wp-content\/uploads\/2025\/10\/arbitro-2048x1365.jpg 2048w\" sizes=\"(max-width: 1024px) 100vw, 1024px\" \/><\/a><\/figure>\n\n\n\n<p><\/p>\n\n\n\n<p><strong>La&nbsp;salvaguardia&nbsp;consiste en&nbsp;ser proactivos&nbsp;para proteger a los ni\u00f1os futbolistas de da\u00f1os o maltrato mediante las medidas de prevenci\u00f3n y respuesta adecuadas y el fomento de su bienestar.<\/strong><\/p>\n\n\n\n<p>La&nbsp;<strong>protecci\u00f3n de la infancia<\/strong>&nbsp;es una parte esencial de la salvaguardia y se refiere a las medidas adoptadas en respuesta a una inquietud espec\u00edfica en relaci\u00f3n con un ni\u00f1o o ni\u00f1os que pueden estar sufriendo o est\u00e1n en riesgo de sufrir da\u00f1o o maltrato. Requiere la derivaci\u00f3n a servicios especializados de protecci\u00f3n de la infancia y a las fuerzas del orden, as\u00ed como a entidades locales especializadas que est\u00e9n capacitadas para resolver los posibles casos y gestionarlos, en caso de que haya sospechas sobre el bienestar de un infante, generando responsabilidad para el actor y DIRECTIVOS.<\/p>\n","protected":false},"excerpt":{"rendered":"<p>La&nbsp;salvaguardia&nbsp;consiste en&nbsp;ser proactivos&nbsp;para proteger a los ni\u00f1os futbolistas de da\u00f1os o maltrato mediante las medidas de prevenci\u00f3n y respuesta adecuadas y el fomento de su bienestar. La&nbsp;protecci\u00f3n de la infancia&nbsp;es una parte esencial de la salvaguardia y se refiere a las medidas adoptadas en respuesta a una inquietud espec\u00edfica en relaci\u00f3n con un ni\u00f1o o ni\u00f1os que pueden estar sufriendo [&hellip;]<\/p>\n","protected":false},"author":2,"featured_media":0,"comment_status":"closed","ping_status":"closed","sticky":false,"template":"","format":"standard","meta":{"footnotes":""},"categories":[1],"tags":[],"_links":{"self":[{"href":"https:\/\/www.abintabogados.com\/web\/wp-json\/wp\/v2\/posts\/2839"}],"collection":[{"href":"https:\/\/www.abintabogados.com\/web\/wp-json\/wp\/v2\/posts"}],"about":[{"href":"https:\/\/www.abintabogados.com\/web\/wp-json\/wp\/v2\/types\/post"}],"author":[{"embeddable":true,"href":"https:\/\/www.abintabogados.com\/web\/wp-json\/wp\/v2\/users\/2"}],"replies":[{"embeddable":true,"href":"https:\/\/www.abintabogados.com\/web\/wp-json\/wp\/v2\/comments?post=2839"}],"version-history":[{"count":1,"href":"https:\/\/www.abintabogados.com\/web\/wp-json\/wp\/v2\/posts\/2839\/revisions"}],"predecessor-version":[{"id":2841,"href":"https:\/\/www.abintabogados.com\/web\/wp-json\/wp\/v2\/posts\/2839\/revisions\/2841"}],"wp:attachment":[{"href":"https:\/\/www.abintabogados.com\/web\/wp-json\/wp\/v2\/media?parent=2839"}],"wp:term":[{"taxonomy":"category","embeddable":true,"href":"https:\/\/www.abintabogados.com\/web\/wp-json\/wp\/v2\/categories?post=2839"},{"taxonomy":"post_tag","embeddable":true,"href":"https:\/\/www.abintabogados.com\/web\/wp-json\/wp\/v2\/tags?post=2839"}],"curies":[{"name":"wp","href":"https:\/\/api.w.org\/{rel}","templated":true}]}}