{"id":2850,"date":"2025-10-04T19:41:15","date_gmt":"2025-10-04T23:41:15","guid":{"rendered":"https:\/\/www.abintabogados.com\/web\/?p=2850"},"modified":"2025-10-04T19:41:15","modified_gmt":"2025-10-04T23:41:15","slug":"libertad-de-expresion-artistica-vs-proteccion-de-la-infancia-un-tribunal-pone-limites-a-las-letras-del-regueton","status":"publish","type":"post","link":"https:\/\/www.abintabogados.com\/web\/2025\/10\/04\/libertad-de-expresion-artistica-vs-proteccion-de-la-infancia-un-tribunal-pone-limites-a-las-letras-del-regueton\/","title":{"rendered":"Libertad de expresi\u00f3n art\u00edstica vs protecci\u00f3n de la infancia: un tribunal pone l\u00edmites a las letras del Reguet\u00f3n."},"content":{"rendered":"\n<figure class=\"wp-block-image size-large\"><a href=\"https:\/\/www.abintabogados.com\/web\/wp-content\/uploads\/2025\/10\/concierto-scaled.jpg\"><img fetchpriority=\"high\" decoding=\"async\" width=\"1024\" height=\"683\" src=\"https:\/\/www.abintabogados.com\/web\/wp-content\/uploads\/2025\/10\/concierto-1024x683.jpg\" alt=\"\" class=\"wp-image-2851\" srcset=\"https:\/\/www.abintabogados.com\/web\/wp-content\/uploads\/2025\/10\/concierto-1024x683.jpg 1024w, https:\/\/www.abintabogados.com\/web\/wp-content\/uploads\/2025\/10\/concierto-300x200.jpg 300w, https:\/\/www.abintabogados.com\/web\/wp-content\/uploads\/2025\/10\/concierto-768x512.jpg 768w, https:\/\/www.abintabogados.com\/web\/wp-content\/uploads\/2025\/10\/concierto-1536x1024.jpg 1536w, https:\/\/www.abintabogados.com\/web\/wp-content\/uploads\/2025\/10\/concierto-2048x1365.jpg 2048w\" sizes=\"(max-width: 1024px) 100vw, 1024px\" \/><\/a><\/figure>\n\n\n\n<p><\/p>\n\n\n\n<p><strong>\u00bfD\u00f3nde est\u00e1 el l\u00edmite entre la libertad creativa y la responsabilidad social?<\/strong><\/p>\n\n\n\n<p>Es la gran pregunta que planea estos d\u00edas sobre la industria musical latina. Un tribunal de Colombia ha dictaminado que la canci\u00f3n de&nbsp;<a href=\"https:\/\/sympathyforthelawyer.com\/blog\/demanda-al-reggaeton-proteger-un-ritmo\/\">reguet\u00f3n<\/a>&nbsp;\u201c+57\u201d, interpretada por Karol G, J Balvin, Maluma, Feid, Blessd, Ryan Castro y DFZM, vulnera los derechos de la infancia al incluir letras que sexualizan a menores. La resoluci\u00f3n supone un toque de atenci\u00f3n a los int\u00e9rpretes porque les ordena a abstenerse de difundir contenidos que comprometan la integridad de ni\u00f1os y adolescentes.<\/p>\n\n\n\n<p>La pol\u00e9mica ven\u00eda gest\u00e1ndose desde el estreno del tema en noviembre, cuando varias organizaciones de protecci\u00f3n infantil y medios especializados criticaron duramente la canci\u00f3n por frases como \u201cmamacita desde los 14\u201d. La propia Karol G se disculp\u00f3 en su cuenta de Instagram, afirmando que las letras hab\u00edan sido \u201csacadas de contexto\u201d.<\/p>\n\n\n\n<p>Posteriormente se modific\u00f3 la letra en el videoclip de la canci\u00f3n: \u201ces una mamacita desde los eighteen\u201d.<\/p>\n","protected":false},"excerpt":{"rendered":"<p>\u00bfD\u00f3nde est\u00e1 el l\u00edmite entre la libertad creativa y la responsabilidad social? Es la gran pregunta que planea estos d\u00edas sobre la industria musical latina. Un tribunal de Colombia ha dictaminado que la canci\u00f3n de&nbsp;reguet\u00f3n&nbsp;\u201c+57\u201d, interpretada por Karol G, J Balvin, Maluma, Feid, Blessd, Ryan Castro y DFZM, vulnera los derechos de la infancia al incluir letras que sexualizan a [&hellip;]<\/p>\n","protected":false},"author":2,"featured_media":0,"comment_status":"closed","ping_status":"closed","sticky":false,"template":"","format":"standard","meta":{"footnotes":""},"categories":[1],"tags":[],"_links":{"self":[{"href":"https:\/\/www.abintabogados.com\/web\/wp-json\/wp\/v2\/posts\/2850"}],"collection":[{"href":"https:\/\/www.abintabogados.com\/web\/wp-json\/wp\/v2\/posts"}],"about":[{"href":"https:\/\/www.abintabogados.com\/web\/wp-json\/wp\/v2\/types\/post"}],"author":[{"embeddable":true,"href":"https:\/\/www.abintabogados.com\/web\/wp-json\/wp\/v2\/users\/2"}],"replies":[{"embeddable":true,"href":"https:\/\/www.abintabogados.com\/web\/wp-json\/wp\/v2\/comments?post=2850"}],"version-history":[{"count":1,"href":"https:\/\/www.abintabogados.com\/web\/wp-json\/wp\/v2\/posts\/2850\/revisions"}],"predecessor-version":[{"id":2852,"href":"https:\/\/www.abintabogados.com\/web\/wp-json\/wp\/v2\/posts\/2850\/revisions\/2852"}],"wp:attachment":[{"href":"https:\/\/www.abintabogados.com\/web\/wp-json\/wp\/v2\/media?parent=2850"}],"wp:term":[{"taxonomy":"category","embeddable":true,"href":"https:\/\/www.abintabogados.com\/web\/wp-json\/wp\/v2\/categories?post=2850"},{"taxonomy":"post_tag","embeddable":true,"href":"https:\/\/www.abintabogados.com\/web\/wp-json\/wp\/v2\/tags?post=2850"}],"curies":[{"name":"wp","href":"https:\/\/api.w.org\/{rel}","templated":true}]}}