{"id":2885,"date":"2025-11-23T18:00:40","date_gmt":"2025-11-23T22:00:40","guid":{"rendered":"https:\/\/www.abintabogados.com\/web\/?p=2885"},"modified":"2025-11-23T18:00:40","modified_gmt":"2025-11-23T22:00:40","slug":"responsabilidad-patronal-por-enfermedad-ocupacional","status":"publish","type":"post","link":"https:\/\/www.abintabogados.com\/web\/2025\/11\/23\/responsabilidad-patronal-por-enfermedad-ocupacional\/","title":{"rendered":"RESPONSABILIDAD PATRONAL POR ENFERMEDAD OCUPACIONAL."},"content":{"rendered":"\n<figure class=\"wp-block-image size-full\"><a href=\"https:\/\/www.abintabogados.com\/web\/wp-content\/uploads\/2025\/11\/3-.png\"><img fetchpriority=\"high\" decoding=\"async\" width=\"1024\" height=\"1024\" src=\"https:\/\/www.abintabogados.com\/web\/wp-content\/uploads\/2025\/11\/3-.png\" alt=\"\" class=\"wp-image-2887\" srcset=\"https:\/\/www.abintabogados.com\/web\/wp-content\/uploads\/2025\/11\/3-.png 1024w, https:\/\/www.abintabogados.com\/web\/wp-content\/uploads\/2025\/11\/3--300x300.png 300w, https:\/\/www.abintabogados.com\/web\/wp-content\/uploads\/2025\/11\/3--150x150.png 150w, https:\/\/www.abintabogados.com\/web\/wp-content\/uploads\/2025\/11\/3--768x768.png 768w\" sizes=\"(max-width: 1024px) 100vw, 1024px\" \/><\/a><\/figure>\n\n\n\n<p><\/p>\n\n\n\n<p>En Sentencia N.\u00ba 1699 del 29 de octubre de 2025, la Sala Constitucional ratific\u00f3 criterio reiterado en la doctrina: estableci\u00f3 que el patrono posee una responsabilidad objetiva y subjetiva por las enfermedades de origen ocupacional que sufra el trabajador, al ser el garante de las condiciones de seguridad, higiene y ambiente de trabajo. La Sala afirm\u00f3 que la responsabilidad patronal se deriva del incumplimiento del deber de seguridad establecido en la LOPCYMAT, generando la obligaci\u00f3n de indemnizar integralmente al trabajador por los da\u00f1os causados, independientemente de que se pruebe la culpa, por lo que el fallo recurrido se ajust\u00f3 a los postulados constitucionales.<\/p>\n","protected":false},"excerpt":{"rendered":"<p>En Sentencia N.\u00ba 1699 del 29 de octubre de 2025, la Sala Constitucional ratific\u00f3 criterio reiterado en la doctrina: estableci\u00f3 que el patrono posee una responsabilidad objetiva y subjetiva por las enfermedades de origen ocupacional que sufra el trabajador, al ser el garante de las condiciones de seguridad, higiene y ambiente de trabajo. La Sala afirm\u00f3 que la responsabilidad patronal [&hellip;]<\/p>\n","protected":false},"author":2,"featured_media":0,"comment_status":"closed","ping_status":"closed","sticky":false,"template":"","format":"standard","meta":{"footnotes":""},"categories":[1],"tags":[],"_links":{"self":[{"href":"https:\/\/www.abintabogados.com\/web\/wp-json\/wp\/v2\/posts\/2885"}],"collection":[{"href":"https:\/\/www.abintabogados.com\/web\/wp-json\/wp\/v2\/posts"}],"about":[{"href":"https:\/\/www.abintabogados.com\/web\/wp-json\/wp\/v2\/types\/post"}],"author":[{"embeddable":true,"href":"https:\/\/www.abintabogados.com\/web\/wp-json\/wp\/v2\/users\/2"}],"replies":[{"embeddable":true,"href":"https:\/\/www.abintabogados.com\/web\/wp-json\/wp\/v2\/comments?post=2885"}],"version-history":[{"count":1,"href":"https:\/\/www.abintabogados.com\/web\/wp-json\/wp\/v2\/posts\/2885\/revisions"}],"predecessor-version":[{"id":2888,"href":"https:\/\/www.abintabogados.com\/web\/wp-json\/wp\/v2\/posts\/2885\/revisions\/2888"}],"wp:attachment":[{"href":"https:\/\/www.abintabogados.com\/web\/wp-json\/wp\/v2\/media?parent=2885"}],"wp:term":[{"taxonomy":"category","embeddable":true,"href":"https:\/\/www.abintabogados.com\/web\/wp-json\/wp\/v2\/categories?post=2885"},{"taxonomy":"post_tag","embeddable":true,"href":"https:\/\/www.abintabogados.com\/web\/wp-json\/wp\/v2\/tags?post=2885"}],"curies":[{"name":"wp","href":"https:\/\/api.w.org\/{rel}","templated":true}]}}