{"id":294,"date":"2014-10-21T21:20:27","date_gmt":"2014-10-21T21:20:27","guid":{"rendered":"http:\/\/www.abintabogados.com\/web\/?p=294"},"modified":"2014-10-21T21:20:27","modified_gmt":"2014-10-21T21:20:27","slug":"tribunal-supremo-de-justicia-regula-edad-para-que-adolescentes-contraigan-matrimonio","status":"publish","type":"post","link":"https:\/\/www.abintabogados.com\/web\/2014\/10\/21\/tribunal-supremo-de-justicia-regula-edad-para-que-adolescentes-contraigan-matrimonio\/","title":{"rendered":"Tribunal Supremo de Justicia, regula edad para que adolescentes contraigan matrimonio."},"content":{"rendered":"<p><span style=\"color: #000000;\">La Sala Constitucional del Tribunal Supremo de Justicia orden\u00f3 a trav\u00e9s de una sentencia que \u201cno podr\u00e1 contraer matrimonio la persona que no haya cumplido 16 a\u00f1os\u201d. Con esa decisi\u00f3n, los magistrados de la Constitucional anularon el p\u00e1rrafo del art\u00edculo 46 del C\u00f3digo Civil que dice as\u00ed: \u201cNo pueden contraer v\u00e1lidamente matrimonio la mujer que no haya cumplido catorce (14) a\u00f1os de edad y el var\u00f3n que no haya cumplido diecis\u00e9is (16) a\u00f1os\u201d.<\/span><\/p>\n<p><span style=\"color: #000000;\">La petici\u00f3n de anular parcialmente el mencionado art\u00edculo fue hecha por la Defensor\u00eda del Pueblo porque considera que ello \u201clesiona el derecho a la igualdad y no discriminaci\u00f3n previsto en el 21 de la Constituci\u00f3n\u201d, seg\u00fan se lee en la sentencia 1353.<\/span><\/p>\n<p><span style=\"color: #000000;\">El referido art\u00edculo, al establecer requisitos de edad diferenciados para el hombre y la mujer, incorpora una discriminaci\u00f3n injustificada porque la norma debe exigir las mismas condiciones para celebrar la uni\u00f3n matrimonial, se\u00f1al\u00f3 la Defensor\u00eda del Pueblo al plantear el recurso de nulidad por inconstitucionalidad. Los magistrados coincidieron con los argumentos de la Defensor\u00eda del Pueblo y concluyeron que \u201clos patrones biol\u00f3gicos, sociales y culturales, que aconsejaban las referidas edades y consideraban que la mujer pod\u00eda contraer matrimonio a la temprana edad de 14 a\u00f1os, constituyen una r\u00e9mora del pasado donde el matrimonio era concebido como la \u00fanica instituci\u00f3n civil para reconocer la reproducci\u00f3n de la especie humana\u201d.<\/span><\/p>\n","protected":false},"excerpt":{"rendered":"<p>La Sala Constitucional del Tribunal Supremo de Justicia orden\u00f3 a trav\u00e9s de una sentencia que \u201cno podr\u00e1 contraer matrimonio la persona que no haya cumplido 16 a\u00f1os\u201d. Con esa decisi\u00f3n, los magistrados de la Constitucional anularon el p\u00e1rrafo del art\u00edculo 46 del C\u00f3digo Civil que dice as\u00ed: \u201cNo pueden contraer v\u00e1lidamente matrimonio la mujer que no haya cumplido catorce (14) [&hellip;]<\/p>\n","protected":false},"author":2,"featured_media":0,"comment_status":"closed","ping_status":"closed","sticky":false,"template":"","format":"standard","meta":{"footnotes":""},"categories":[1],"tags":[],"_links":{"self":[{"href":"https:\/\/www.abintabogados.com\/web\/wp-json\/wp\/v2\/posts\/294"}],"collection":[{"href":"https:\/\/www.abintabogados.com\/web\/wp-json\/wp\/v2\/posts"}],"about":[{"href":"https:\/\/www.abintabogados.com\/web\/wp-json\/wp\/v2\/types\/post"}],"author":[{"embeddable":true,"href":"https:\/\/www.abintabogados.com\/web\/wp-json\/wp\/v2\/users\/2"}],"replies":[{"embeddable":true,"href":"https:\/\/www.abintabogados.com\/web\/wp-json\/wp\/v2\/comments?post=294"}],"version-history":[{"count":1,"href":"https:\/\/www.abintabogados.com\/web\/wp-json\/wp\/v2\/posts\/294\/revisions"}],"predecessor-version":[{"id":295,"href":"https:\/\/www.abintabogados.com\/web\/wp-json\/wp\/v2\/posts\/294\/revisions\/295"}],"wp:attachment":[{"href":"https:\/\/www.abintabogados.com\/web\/wp-json\/wp\/v2\/media?parent=294"}],"wp:term":[{"taxonomy":"category","embeddable":true,"href":"https:\/\/www.abintabogados.com\/web\/wp-json\/wp\/v2\/categories?post=294"},{"taxonomy":"post_tag","embeddable":true,"href":"https:\/\/www.abintabogados.com\/web\/wp-json\/wp\/v2\/tags?post=294"}],"curies":[{"name":"wp","href":"https:\/\/api.w.org\/{rel}","templated":true}]}}