{"id":2997,"date":"2026-01-25T17:25:26","date_gmt":"2026-01-25T21:25:26","guid":{"rendered":"https:\/\/www.abintabogados.com\/web\/?p=2997"},"modified":"2026-01-25T17:26:06","modified_gmt":"2026-01-25T21:26:06","slug":"repatriacion-de-personas-colombianas-fallecidas-en-el-exterior-enfoque-de-derechos-y-estado","status":"publish","type":"post","link":"https:\/\/www.abintabogados.com\/web\/2026\/01\/25\/repatriacion-de-personas-colombianas-fallecidas-en-el-exterior-enfoque-de-derechos-y-estado\/","title":{"rendered":"Repatriaci\u00f3n de personas Colombianas fallecidas en el exterior: enfoque de derechos y Estado."},"content":{"rendered":"\n<figure class=\"wp-block-image size-large\"><a href=\"https:\/\/www.abintabogados.com\/web\/wp-content\/uploads\/2026\/01\/266.png\"><img fetchpriority=\"high\" decoding=\"async\" width=\"1024\" height=\"572\" src=\"https:\/\/www.abintabogados.com\/web\/wp-content\/uploads\/2026\/01\/266-1024x572.png\" alt=\"\" class=\"wp-image-2999\" srcset=\"https:\/\/www.abintabogados.com\/web\/wp-content\/uploads\/2026\/01\/266-1024x572.png 1024w, https:\/\/www.abintabogados.com\/web\/wp-content\/uploads\/2026\/01\/266-300x167.png 300w, https:\/\/www.abintabogados.com\/web\/wp-content\/uploads\/2026\/01\/266-768x429.png 768w, https:\/\/www.abintabogados.com\/web\/wp-content\/uploads\/2026\/01\/266-1536x857.png 1536w, https:\/\/www.abintabogados.com\/web\/wp-content\/uploads\/2026\/01\/266-2048x1143.png 2048w\" sizes=\"(max-width: 1024px) 100vw, 1024px\" \/><\/a><\/figure>\n\n\n\n<p><\/p>\n\n\n\n<p>La <strong>repatriaci\u00f3n de una persona fallecida en el exterior<\/strong> no es solo un tr\u00e1mite log\u00edstico, sino un <strong>tema de derechos humanos y dignidad familiar<\/strong> que ha sido abordado por la <strong>Corte Constitucional de Colombia<\/strong> en decisiones recientes. Aunque no se pudo acceder directamente al texto de la <em>Sentencia T-212 de 2025<\/em>, la doctrina y jurisprudencia relacionadas permiten identificar los principios que orientan la protecci\u00f3n de este derecho fundamental en el contexto de ciudadanos en el extranjero.<\/p>\n\n\n\n<p>Para la Corte Constitucional, el derecho a repatriar los restos de un ser querido se vincula estrechamente con la <strong>libertad de cultos, la libertad de conciencia y la dignidad humana<\/strong>, especialmente cuando las creencias religiosas y los rituales funerarios son parte esencial del proceso de duelo y de la memoria familiar. Esto implica que negar arbitrariamente la posibilidad de repatriaci\u00f3n o imponer barreras excesivas puede vulnerar esos derechos fundamentales.<\/p>\n\n\n\n<p>En la pr\u00e1ctica, la repatriaci\u00f3n implica <strong>coordinaci\u00f3n entre la Canciller\u00eda y los consulados<\/strong>, tr\u00e1mites ante autoridades locales en el pa\u00eds donde ocurri\u00f3 el fallecimiento y, en muchos casos, <strong>costos elevados<\/strong> que la familia debe asumir. Aunque el Estado no est\u00e1 obligado a sufragar todos esos gastos, la jurisprudencia se\u00f1ala que <strong>la incapacidad econ\u00f3mica no puede ser un obst\u00e1culo insalvable<\/strong> para garantizar la libertad de culto y la dignidad de la despedida, debiendo activarse mecanismos de apoyo cuando sea necesario.<\/p>\n\n\n\n<p>Adem\u00e1s, la Corte ha reconocido que la titularidad para decidir sobre la disposici\u00f3n del cuerpo \u2014incluyendo traslado, inhumaci\u00f3n o cremaci\u00f3n\u2014 corresponde a los <strong>familiares cercanos<\/strong>, lo cual tambi\u00e9n se aplica a situaciones de repatriaci\u00f3n desde el exterior, siempre que se respete la normativa sanitaria y los derechos de terceros involucrados.<\/p>\n\n\n\n<p>Finalmente, esta l\u00ednea jurisprudencial subraya la importancia de que los Estados establezcan <strong>mecanismos claros y respetuosos de derechos<\/strong> para la repatriaci\u00f3n de fallecidos, especialmente para sus nacionales residentes en el exterior, garantizando que el duelo, los ritos funerarios y la despedida digna no queden supeditados \u00fanicamente a capacidades econ\u00f3micas individuales.<\/p>\n","protected":false},"excerpt":{"rendered":"<p>La repatriaci\u00f3n de una persona fallecida en el exterior no es solo un tr\u00e1mite log\u00edstico, sino un tema de derechos humanos y dignidad familiar que ha sido abordado por la Corte Constitucional de Colombia en decisiones recientes. Aunque no se pudo acceder directamente al texto de la Sentencia T-212 de 2025, la doctrina y jurisprudencia relacionadas permiten identificar los principios [&hellip;]<\/p>\n","protected":false},"author":2,"featured_media":0,"comment_status":"closed","ping_status":"closed","sticky":false,"template":"","format":"standard","meta":{"footnotes":""},"categories":[97,111,105,103,1],"tags":[],"_links":{"self":[{"href":"https:\/\/www.abintabogados.com\/web\/wp-json\/wp\/v2\/posts\/2997"}],"collection":[{"href":"https:\/\/www.abintabogados.com\/web\/wp-json\/wp\/v2\/posts"}],"about":[{"href":"https:\/\/www.abintabogados.com\/web\/wp-json\/wp\/v2\/types\/post"}],"author":[{"embeddable":true,"href":"https:\/\/www.abintabogados.com\/web\/wp-json\/wp\/v2\/users\/2"}],"replies":[{"embeddable":true,"href":"https:\/\/www.abintabogados.com\/web\/wp-json\/wp\/v2\/comments?post=2997"}],"version-history":[{"count":1,"href":"https:\/\/www.abintabogados.com\/web\/wp-json\/wp\/v2\/posts\/2997\/revisions"}],"predecessor-version":[{"id":3000,"href":"https:\/\/www.abintabogados.com\/web\/wp-json\/wp\/v2\/posts\/2997\/revisions\/3000"}],"wp:attachment":[{"href":"https:\/\/www.abintabogados.com\/web\/wp-json\/wp\/v2\/media?parent=2997"}],"wp:term":[{"taxonomy":"category","embeddable":true,"href":"https:\/\/www.abintabogados.com\/web\/wp-json\/wp\/v2\/categories?post=2997"},{"taxonomy":"post_tag","embeddable":true,"href":"https:\/\/www.abintabogados.com\/web\/wp-json\/wp\/v2\/tags?post=2997"}],"curies":[{"name":"wp","href":"https:\/\/api.w.org\/{rel}","templated":true}]}}