{"id":308,"date":"2014-11-18T19:50:36","date_gmt":"2014-11-18T19:50:36","guid":{"rendered":"http:\/\/www.abintabogados.com\/web\/?p=308"},"modified":"2014-11-18T20:03:28","modified_gmt":"2014-11-18T20:03:28","slug":"oficializan-aumento-del-salario-minimo-a-partir-del-1-de-diciembre","status":"publish","type":"post","link":"https:\/\/www.abintabogados.com\/web\/2014\/11\/18\/oficializan-aumento-del-salario-minimo-a-partir-del-1-de-diciembre\/","title":{"rendered":"Oficializan aumento del salario m\u00ednimo a partir del 1\u00b0 de diciembre"},"content":{"rendered":"<p>Este martes la Presidencia de la Rep\u00fablica public\u00f3 en la Gaceta Oficial N\u00b0 40.542 el decreto en el que se fija un aumento del salario m\u00ednimo obligatorio de 15% para los trabajadores de los sectores p\u00fablico y privado a partir del 1\u00b0 de diciembre.<\/p>\n<p>La medida establece que el salario m\u00ednimo queda establecido en Bs. 4.889,11, <b>lo que representa un alza de Bs. 162,97 para la jornada diaria diurna.<\/b><\/p>\n<p>Tambi\u00e9n se establece un incremento de salario m\u00ednimo de 15% para los adolescentes aprendices<b>, es decir, el salario m\u00ednimo ser\u00e1 a partir del 1\u00b0 de diciembre en Bs. 3.635,95. <\/b>Esto representa un ajuste diario diurno de Bs. 121,20.<b><\/b><\/p>\n<p>El monto m\u00ednimo de los pensionados y jubilados de la administraci\u00f3n p\u00fablica es de Bs. 4.889,11.<\/p>\n","protected":false},"excerpt":{"rendered":"<p>Este martes la Presidencia de la Rep\u00fablica public\u00f3 en la Gaceta Oficial N\u00b0 40.542 el decreto en el que se fija un aumento del salario m\u00ednimo obligatorio de 15% para los trabajadores de los sectores p\u00fablico y privado a partir del 1\u00b0 de diciembre. La medida establece que el salario m\u00ednimo queda establecido en Bs. 4.889,11, lo que representa un [&hellip;]<\/p>\n","protected":false},"author":2,"featured_media":0,"comment_status":"closed","ping_status":"closed","sticky":false,"template":"","format":"standard","meta":{"footnotes":""},"categories":[1],"tags":[],"_links":{"self":[{"href":"https:\/\/www.abintabogados.com\/web\/wp-json\/wp\/v2\/posts\/308"}],"collection":[{"href":"https:\/\/www.abintabogados.com\/web\/wp-json\/wp\/v2\/posts"}],"about":[{"href":"https:\/\/www.abintabogados.com\/web\/wp-json\/wp\/v2\/types\/post"}],"author":[{"embeddable":true,"href":"https:\/\/www.abintabogados.com\/web\/wp-json\/wp\/v2\/users\/2"}],"replies":[{"embeddable":true,"href":"https:\/\/www.abintabogados.com\/web\/wp-json\/wp\/v2\/comments?post=308"}],"version-history":[{"count":3,"href":"https:\/\/www.abintabogados.com\/web\/wp-json\/wp\/v2\/posts\/308\/revisions"}],"predecessor-version":[{"id":311,"href":"https:\/\/www.abintabogados.com\/web\/wp-json\/wp\/v2\/posts\/308\/revisions\/311"}],"wp:attachment":[{"href":"https:\/\/www.abintabogados.com\/web\/wp-json\/wp\/v2\/media?parent=308"}],"wp:term":[{"taxonomy":"category","embeddable":true,"href":"https:\/\/www.abintabogados.com\/web\/wp-json\/wp\/v2\/categories?post=308"},{"taxonomy":"post_tag","embeddable":true,"href":"https:\/\/www.abintabogados.com\/web\/wp-json\/wp\/v2\/tags?post=308"}],"curies":[{"name":"wp","href":"https:\/\/api.w.org\/{rel}","templated":true}]}}