{"id":342,"date":"2014-11-27T19:39:52","date_gmt":"2014-11-27T19:39:52","guid":{"rendered":"http:\/\/www.abintabogados.com\/web\/?p=342"},"modified":"2014-11-27T19:39:52","modified_gmt":"2014-11-27T19:39:52","slug":"seniat-publica-calendario-de-obligaciones-tributarias-para-2015","status":"publish","type":"post","link":"https:\/\/www.abintabogados.com\/web\/2014\/11\/27\/seniat-publica-calendario-de-obligaciones-tributarias-para-2015\/","title":{"rendered":"Seniat publica calendario de obligaciones tributarias para 2015"},"content":{"rendered":"<p>El 17 de Noviembre de 2.014 se publicaron las providencias administrativas n\u00famero 0047 y 0048 en la Gaceta Oficial n\u00famero 40.542 donde se establecen las fechas de vencimiento para declarar y pagar ante el Seniat,\u00a0\u00a0los sujetos pasivos de retenci\u00f3n especial para el 2.015, en relaci\u00f3n a las retenciones de IVA, retenciones de ISLR, IVA, ISLR definitivo anual, ISLR estimado.<\/p>\n<p>A continuaci\u00f3n les proporcionamos un cuadro resumen de todas estas fechas importantes seg\u00fan el n\u00famero de terminaci\u00f3n del R.I.F. de la empresa, tal como esta establecido en la referida gaceta.<\/p>\n<p><a href=\"http:\/\/www.abintabogados.com\/web\/wp-content\/uploads\/2014\/11\/CALENDARIO-TRIBUTARIO-2015.docx\">CALENDARIO TRIBUTARIO 2015<\/a><\/p>\n<p>&nbsp;<\/p>\n","protected":false},"excerpt":{"rendered":"<p>El 17 de Noviembre de 2.014 se publicaron las providencias administrativas n\u00famero 0047 y 0048 en la Gaceta Oficial n\u00famero 40.542 donde se establecen las fechas de vencimiento para declarar y pagar ante el Seniat,\u00a0\u00a0los sujetos pasivos de retenci\u00f3n especial para el 2.015, en relaci\u00f3n a las retenciones de IVA, retenciones de ISLR, IVA, ISLR definitivo anual, ISLR estimado. A [&hellip;]<\/p>\n","protected":false},"author":2,"featured_media":0,"comment_status":"closed","ping_status":"closed","sticky":false,"template":"","format":"standard","meta":{"footnotes":""},"categories":[1],"tags":[],"_links":{"self":[{"href":"https:\/\/www.abintabogados.com\/web\/wp-json\/wp\/v2\/posts\/342"}],"collection":[{"href":"https:\/\/www.abintabogados.com\/web\/wp-json\/wp\/v2\/posts"}],"about":[{"href":"https:\/\/www.abintabogados.com\/web\/wp-json\/wp\/v2\/types\/post"}],"author":[{"embeddable":true,"href":"https:\/\/www.abintabogados.com\/web\/wp-json\/wp\/v2\/users\/2"}],"replies":[{"embeddable":true,"href":"https:\/\/www.abintabogados.com\/web\/wp-json\/wp\/v2\/comments?post=342"}],"version-history":[{"count":1,"href":"https:\/\/www.abintabogados.com\/web\/wp-json\/wp\/v2\/posts\/342\/revisions"}],"predecessor-version":[{"id":344,"href":"https:\/\/www.abintabogados.com\/web\/wp-json\/wp\/v2\/posts\/342\/revisions\/344"}],"wp:attachment":[{"href":"https:\/\/www.abintabogados.com\/web\/wp-json\/wp\/v2\/media?parent=342"}],"wp:term":[{"taxonomy":"category","embeddable":true,"href":"https:\/\/www.abintabogados.com\/web\/wp-json\/wp\/v2\/categories?post=342"},{"taxonomy":"post_tag","embeddable":true,"href":"https:\/\/www.abintabogados.com\/web\/wp-json\/wp\/v2\/tags?post=342"}],"curies":[{"name":"wp","href":"https:\/\/api.w.org\/{rel}","templated":true}]}}