{"id":354,"date":"2014-11-28T21:47:59","date_gmt":"2014-11-28T21:47:59","guid":{"rendered":"http:\/\/www.abintabogados.com\/web\/?p=354"},"modified":"2014-11-28T21:47:59","modified_gmt":"2014-11-28T21:47:59","slug":"empresarios-tienen-30-dias-para-colocar-pvjusto","status":"publish","type":"post","link":"https:\/\/www.abintabogados.com\/web\/2014\/11\/28\/empresarios-tienen-30-dias-para-colocar-pvjusto\/","title":{"rendered":"Empresarios tienen 30 d\u00edas para colocar PVJusto."},"content":{"rendered":"<p>En la Gaceta Oficial N\u00b0 40.547 de este lunes 24 de noviembre, la Sundde emite una providencia mediante la cual se regulan las condiciones para la obligatoriedad del establecimiento y marcaje del Precio de Venta Justo (PVJusto).<\/p>\n<p>La Superintendencia Nacional para la Defensa de los Derechos Sociecon\u00f3micos (Sundde), emiti\u00f3 la Providencia Administrativa N\u00b0 057\/2014\u00a0 donde establece la determinaci\u00f3n del marcaje del Precio de Venta Justo por parte de\u00a0 productores e importadores, cuyo plazo ser\u00e1 de 30 d\u00edas \u00a0para los primeros, y de 45 d\u00edas para los segundos, contados\u00a0 a partir de la publicaci\u00f3n de la publicaci\u00f3n de la \u00a0providencia administrativa.<\/p>\n<p>En ese sentido se informa que ning\u00fan producto y servicio podr\u00e1 ser presentado sin que est\u00e9 indicado su PVJusto, conforme lo estipula la presente providencia.<\/p>\n<p>El marcaje del PVJusto deber\u00e1 incorporar \u00a0la siguiente informaci\u00f3n:<\/p>\n<p>&#8211;\u00a0\u00a0\u00a0\u00a0\u00a0\u00a0\u00a0\u00a0\u00a0 Las siglas \u00a0PVJusto haciendo referencia al Precio de Venta Justo.<\/p>\n<p>&#8211;\u00a0\u00a0\u00a0\u00a0\u00a0\u00a0\u00a0\u00a0\u00a0 El monto del Precio de Venta Justo.<\/p>\n<p>&#8211;\u00a0\u00a0\u00a0\u00a0\u00a0\u00a0\u00a0\u00a0\u00a0 Las siglas IVA, en los casos de los bienes y servicios grabados con el Impuesto al valor Agregado.<\/p>\n<p>&#8211;\u00a0\u00a0\u00a0\u00a0\u00a0\u00a0\u00a0\u00a0\u00a0 El monto a pagar, el cual ser\u00e1 el resultado de sumar el Impuesto al Valor Agregado al Precios de Venta Justo.<\/p>\n<p>&#8211;\u00a0\u00a0\u00a0\u00a0\u00a0\u00a0\u00a0\u00a0\u00a0 La fecha del marcaje en formato que indica el mes y el a\u00f1o en n\u00fameros (mm\/aa).<\/p>\n<p><strong>Tipos de marcaje<\/strong><\/p>\n<p>El marcaje del PVJusto se har\u00e1 mediante tres tipos asociados a la naturaleza del\u00a0 bien o servicio, definidos de la siguiente manera:<\/p>\n<p>&#8211;\u00a0\u00a0\u00a0\u00a0\u00a0\u00a0\u00a0\u00a0\u00a0 Impreso en el cuerpo del bien.<\/p>\n<p>&#8211;\u00a0\u00a0\u00a0\u00a0\u00a0\u00a0\u00a0\u00a0\u00a0 Mediante etiqueta autoadhesiva.<\/p>\n<p>&#8211;\u00a0\u00a0\u00a0\u00a0\u00a0\u00a0\u00a0\u00a0\u00a0 Listado impreso o a trav\u00e9s de medios elect\u00f3nicos.<\/p>\n<p>Por su parte la Sundde podr\u00e1 ordenar el cambio del tipo de marcaje o impresi\u00f3n cuando considere que la naturaleza del producto permite otro que asegure su mejor identificaci\u00f3n por parte de los usuarios y consumidores. \u00a0Asimismo proh\u00edbe m\u00e1s de un PVJusto en un bien o servicio, remover etiquetas, tachar o enmendar el precio indicado originalmente, ni fijar en listas precios superiores a los marcados.<\/p>\n<p>En caso de productos marcados con m\u00e1s de un PVJusto el comerciante estar\u00e1 obligado a venderlo al de menor valor.<\/p>\n<p><a href=\"http:\/\/www.soft-line.com\/fd\/Gaceta40547EstablecimientoMarcajePVJusto.pdf\" target=\"_blank\">Vea la\u00a0Gaceta 40.547: Sundde regula condiciones sobre la obligatoriedad en el marcaje de PVJusto<\/a><\/p>\n","protected":false},"excerpt":{"rendered":"<p>En la Gaceta Oficial N\u00b0 40.547 de este lunes 24 de noviembre, la Sundde emite una providencia mediante la cual se regulan las condiciones para la obligatoriedad del establecimiento y marcaje del Precio de Venta Justo (PVJusto). La Superintendencia Nacional para la Defensa de los Derechos Sociecon\u00f3micos (Sundde), emiti\u00f3 la Providencia Administrativa N\u00b0 057\/2014\u00a0 donde establece la determinaci\u00f3n del marcaje [&hellip;]<\/p>\n","protected":false},"author":2,"featured_media":0,"comment_status":"closed","ping_status":"closed","sticky":false,"template":"","format":"standard","meta":{"footnotes":""},"categories":[1],"tags":[],"_links":{"self":[{"href":"https:\/\/www.abintabogados.com\/web\/wp-json\/wp\/v2\/posts\/354"}],"collection":[{"href":"https:\/\/www.abintabogados.com\/web\/wp-json\/wp\/v2\/posts"}],"about":[{"href":"https:\/\/www.abintabogados.com\/web\/wp-json\/wp\/v2\/types\/post"}],"author":[{"embeddable":true,"href":"https:\/\/www.abintabogados.com\/web\/wp-json\/wp\/v2\/users\/2"}],"replies":[{"embeddable":true,"href":"https:\/\/www.abintabogados.com\/web\/wp-json\/wp\/v2\/comments?post=354"}],"version-history":[{"count":1,"href":"https:\/\/www.abintabogados.com\/web\/wp-json\/wp\/v2\/posts\/354\/revisions"}],"predecessor-version":[{"id":355,"href":"https:\/\/www.abintabogados.com\/web\/wp-json\/wp\/v2\/posts\/354\/revisions\/355"}],"wp:attachment":[{"href":"https:\/\/www.abintabogados.com\/web\/wp-json\/wp\/v2\/media?parent=354"}],"wp:term":[{"taxonomy":"category","embeddable":true,"href":"https:\/\/www.abintabogados.com\/web\/wp-json\/wp\/v2\/categories?post=354"},{"taxonomy":"post_tag","embeddable":true,"href":"https:\/\/www.abintabogados.com\/web\/wp-json\/wp\/v2\/tags?post=354"}],"curies":[{"name":"wp","href":"https:\/\/api.w.org\/{rel}","templated":true}]}}