{"id":399,"date":"2014-12-18T21:22:06","date_gmt":"2014-12-18T21:22:06","guid":{"rendered":"http:\/\/www.abintabogados.com\/web\/?p=399"},"modified":"2014-12-18T21:22:06","modified_gmt":"2014-12-18T21:22:06","slug":"en-esta-temporada-queremos-recordar-que","status":"publish","type":"post","link":"https:\/\/www.abintabogados.com\/web\/2014\/12\/18\/en-esta-temporada-queremos-recordar-que\/","title":{"rendered":"En esta temporada queremos recordar que &#8230;"},"content":{"rendered":"<p style=\"text-align: justify;\"><span style=\"color: #000000;\">Pronto celebraremos la Navidad y estaremos en la entrada del a\u00f1o 2015. Tiempo de reflexi\u00f3n, de revisar el camino transcurrido, de agradecer al Todopoderoso, en la expresi\u00f3n sublime de su hijo que viene al mundo, por todos los dones que nos han brindado, de revisarnos en nuestro ser interior para pensar, en la \u00edntima y convincente soledad de nuestra conciencia, los aciertos y las cosas que debemos mejorar. <\/span><\/p>\n<p style=\"text-align: justify;\"><span style=\"color: #000000;\">No ha sido un a\u00f1o f\u00e1cil. Tanto en el plano de las actividades profesionales, como en el entorno que nos rodea y nos influye, hemos pasado por duros momentos. Lo importante es que tenemos inteligencia y voluntad para superar las contrariedades, y que la sabidur\u00eda, logro de toda persona que aspire a superarse en la vida, y que consiste en actuar con habilidad y prudencia, nos permite afrontar los avatares que la existencia nos va presentando sin cesar. <\/span><\/p>\n<p style=\"text-align: justify;\"><span style=\"color: #000000;\">De nuestra parte, queremos presentarles a todos ustedes, que son la columna fundamental de nuestro trabajo, nuestra gratitud por su amistad, por el apoyo permanente, por la paciencia demostrada, por los logros obtenidos, por la tolerancia que nunca deba abandonarnos, por su solidaridad cuando se necesita de una palabra amable, alentadora y comprensiva. <\/span><\/p>\n<p style=\"text-align: justify;\"><span style=\"color: #000000;\">Parece que debemos seguir preparados para enfrentar otro a\u00f1o dif\u00edcil, el 2015, aunque siempre hemos sido defensores de la idea de que lo mejor est\u00e1 por venir.\u00a0Seguros estamos\u00a0que ser\u00e1n retos que sabremos superar, con el trabajo mancomunado y, l\u00f3gicamente, con la siempre aleccionadora participaci\u00f3n de nuestra familia.<\/span><\/p>\n<p style=\"text-align: justify;\"><span style=\"color: #000000;\"> Sint\u00e1monos orgullosos de la labor que ofrecemos. Somos un soporte importante en la sociedad\u00a1<\/span><\/p>\n<p style=\"text-align: justify;\"><span style=\"color: #000000;\">La Navidad es una fecha de dar y recibir. Durante este a\u00f1o, nosotros hemos recibido mucho de Ustedes y queremos aprovechar esta \u00e9poca especial para agradecerles por su preferencia y su confianza.<br \/>\n<\/span><\/p>\n<p style=\"text-align: justify;\"><span style=\"color: #000000;\">Gracias por su invalorable apoyo, en estas Fiestas queremos manifestarle nuestro compromiso de superarnos cada a\u00f1o. <\/span><\/p>\n<p style=\"text-align: justify;\"><span style=\"color: #000000;\">\u00a0<\/span><span style=\"color: #000000;\">\u00a1Feliz Navidad 2014 y Venturoso A\u00f1o Nuevo 2015!<\/span><\/p>\n","protected":false},"excerpt":{"rendered":"<p>Pronto celebraremos la Navidad y estaremos en la entrada del a\u00f1o 2015. Tiempo de reflexi\u00f3n, de revisar el camino transcurrido, de agradecer al Todopoderoso, en la expresi\u00f3n sublime de su hijo que viene al mundo, por todos los dones que nos han brindado, de revisarnos en nuestro ser interior para pensar, en la \u00edntima y convincente soledad de nuestra conciencia, [&hellip;]<\/p>\n","protected":false},"author":2,"featured_media":0,"comment_status":"closed","ping_status":"closed","sticky":false,"template":"","format":"standard","meta":{"footnotes":""},"categories":[1],"tags":[],"_links":{"self":[{"href":"https:\/\/www.abintabogados.com\/web\/wp-json\/wp\/v2\/posts\/399"}],"collection":[{"href":"https:\/\/www.abintabogados.com\/web\/wp-json\/wp\/v2\/posts"}],"about":[{"href":"https:\/\/www.abintabogados.com\/web\/wp-json\/wp\/v2\/types\/post"}],"author":[{"embeddable":true,"href":"https:\/\/www.abintabogados.com\/web\/wp-json\/wp\/v2\/users\/2"}],"replies":[{"embeddable":true,"href":"https:\/\/www.abintabogados.com\/web\/wp-json\/wp\/v2\/comments?post=399"}],"version-history":[{"count":1,"href":"https:\/\/www.abintabogados.com\/web\/wp-json\/wp\/v2\/posts\/399\/revisions"}],"predecessor-version":[{"id":400,"href":"https:\/\/www.abintabogados.com\/web\/wp-json\/wp\/v2\/posts\/399\/revisions\/400"}],"wp:attachment":[{"href":"https:\/\/www.abintabogados.com\/web\/wp-json\/wp\/v2\/media?parent=399"}],"wp:term":[{"taxonomy":"category","embeddable":true,"href":"https:\/\/www.abintabogados.com\/web\/wp-json\/wp\/v2\/categories?post=399"},{"taxonomy":"post_tag","embeddable":true,"href":"https:\/\/www.abintabogados.com\/web\/wp-json\/wp\/v2\/tags?post=399"}],"curies":[{"name":"wp","href":"https:\/\/api.w.org\/{rel}","templated":true}]}}