{"id":410,"date":"2015-01-15T16:27:15","date_gmt":"2015-01-15T16:27:15","guid":{"rendered":"http:\/\/www.abintabogados.com\/web\/?p=410"},"modified":"2015-01-15T16:27:15","modified_gmt":"2015-01-15T16:27:15","slug":"crean-fondo-de-proteccion-al-inquilino-y-al-pequeno-arrendador","status":"publish","type":"post","link":"https:\/\/www.abintabogados.com\/web\/2015\/01\/15\/crean-fondo-de-proteccion-al-inquilino-y-al-pequeno-arrendador\/","title":{"rendered":"Crean Fondo de Protecci\u00f3n al Inquilino y al Peque\u00f1o Arrendador"},"content":{"rendered":"<p>El ministerio de Vivienda y H\u00e1bitat public\u00f3 resoluci\u00f3n en la que crea Fondo de Protecci\u00f3n al Inquilino y al peque\u00f1o Arrendador, ente que depender\u00e1 administra y presupuestariamente de la Superintendencia Nacional de Arrendamientos de Vivienda (Sunavi).<\/p>\n<p>La medida, publicada en la Gaceta Oficial N\u00b0 40. 580, busca <b>promover el arrendamiento responsable y garantizar las condiciones arrendaticias justas<\/b> a todas aquellas personas que se encuentren en condici\u00f3n de arrendamiento.<\/p>\n<p>El fondo tendr\u00e1 como fuente de ingresos los aportes por concepto de sanciones establecidas en la Ley de Regularizaci\u00f3n y Control de Arrendamientos de Viviendas, producto de los <a title=\"Ir al ABC de la Econom\u00eda\" href=\"http:\/\/www.elmundo.com.ve\/diccionario\/depositos.aspx\" target=\"_blank\">dep\u00f3sitos<\/a> por c\u00e1nones de arrendamientos y de <b>los fondos provenientes de los procedimientos judiciales.<\/b><\/p>\n<p>El encargado de ejecutar elfondo ser\u00e1 el Superintendente Nacional de Arrendamiento de Viviendas.<\/p>\n","protected":false},"excerpt":{"rendered":"<p>El ministerio de Vivienda y H\u00e1bitat public\u00f3 resoluci\u00f3n en la que crea Fondo de Protecci\u00f3n al Inquilino y al peque\u00f1o Arrendador, ente que depender\u00e1 administra y presupuestariamente de la Superintendencia Nacional de Arrendamientos de Vivienda (Sunavi). La medida, publicada en la Gaceta Oficial N\u00b0 40. 580, busca promover el arrendamiento responsable y garantizar las condiciones arrendaticias justas a todas aquellas [&hellip;]<\/p>\n","protected":false},"author":2,"featured_media":0,"comment_status":"closed","ping_status":"closed","sticky":false,"template":"","format":"standard","meta":{"footnotes":""},"categories":[1],"tags":[],"_links":{"self":[{"href":"https:\/\/www.abintabogados.com\/web\/wp-json\/wp\/v2\/posts\/410"}],"collection":[{"href":"https:\/\/www.abintabogados.com\/web\/wp-json\/wp\/v2\/posts"}],"about":[{"href":"https:\/\/www.abintabogados.com\/web\/wp-json\/wp\/v2\/types\/post"}],"author":[{"embeddable":true,"href":"https:\/\/www.abintabogados.com\/web\/wp-json\/wp\/v2\/users\/2"}],"replies":[{"embeddable":true,"href":"https:\/\/www.abintabogados.com\/web\/wp-json\/wp\/v2\/comments?post=410"}],"version-history":[{"count":1,"href":"https:\/\/www.abintabogados.com\/web\/wp-json\/wp\/v2\/posts\/410\/revisions"}],"predecessor-version":[{"id":411,"href":"https:\/\/www.abintabogados.com\/web\/wp-json\/wp\/v2\/posts\/410\/revisions\/411"}],"wp:attachment":[{"href":"https:\/\/www.abintabogados.com\/web\/wp-json\/wp\/v2\/media?parent=410"}],"wp:term":[{"taxonomy":"category","embeddable":true,"href":"https:\/\/www.abintabogados.com\/web\/wp-json\/wp\/v2\/categories?post=410"},{"taxonomy":"post_tag","embeddable":true,"href":"https:\/\/www.abintabogados.com\/web\/wp-json\/wp\/v2\/tags?post=410"}],"curies":[{"name":"wp","href":"https:\/\/api.w.org\/{rel}","templated":true}]}}