{"id":437,"date":"2015-02-03T18:14:20","date_gmt":"2015-02-03T18:14:20","guid":{"rendered":"http:\/\/www.abintabogados.com\/web\/?p=437"},"modified":"2015-02-03T18:27:51","modified_gmt":"2015-02-03T18:27:51","slug":"reincorporacion-por-fuero-maternal-en-sede-contencioso-adminsitrativa","status":"publish","type":"post","link":"https:\/\/www.abintabogados.com\/web\/2015\/02\/03\/reincorporacion-por-fuero-maternal-en-sede-contencioso-adminsitrativa\/","title":{"rendered":"Reincorporaci\u00f3n por fuero maternal en Sede Contencioso Administrativa"},"content":{"rendered":"<p style=\"text-align: justify;\">Mediante sentencia del Juzgado Superior Estadal de lo Contencioso Administrativo de la Circunscripci\u00f3n Judicial del Estado T\u00e1chira del diecinueve\u00a0de enero del a\u00f1o dos mil quince, el referido despacho, ratific\u00f3 de forma contundente, la garant\u00eda absoluta que existe para la protecci\u00f3n del fuero maternal en los funcionarios p\u00fablicos, estableciendo de forma imperativa la garant\u00eda del respeto al cargo ejercido y la remuneraci\u00f3n que debe cancelarse, en sentencia de Amparo Cautelar que les anexamos a continuaci\u00f3n.<\/p>\n<p style=\"text-align: justify;\">VER SENTENCIA: http:\/\/miranda.tsj.gob.ve\/DECISIONES\/2015\/ENERO\/2587-19-SE21-X-2015-000001-019-2015.HTML<\/p>\n<p>&nbsp;<\/p>\n","protected":false},"excerpt":{"rendered":"<p>Mediante sentencia del Juzgado Superior Estadal de lo Contencioso Administrativo de la Circunscripci\u00f3n Judicial del Estado T\u00e1chira del diecinueve\u00a0de enero del a\u00f1o dos mil quince, el referido despacho, ratific\u00f3 de forma contundente, la garant\u00eda absoluta que existe para la protecci\u00f3n del fuero maternal en los funcionarios p\u00fablicos, estableciendo de forma imperativa la garant\u00eda del respeto al cargo ejercido y la [&hellip;]<\/p>\n","protected":false},"author":2,"featured_media":0,"comment_status":"closed","ping_status":"closed","sticky":false,"template":"","format":"standard","meta":{"footnotes":""},"categories":[1],"tags":[],"_links":{"self":[{"href":"https:\/\/www.abintabogados.com\/web\/wp-json\/wp\/v2\/posts\/437"}],"collection":[{"href":"https:\/\/www.abintabogados.com\/web\/wp-json\/wp\/v2\/posts"}],"about":[{"href":"https:\/\/www.abintabogados.com\/web\/wp-json\/wp\/v2\/types\/post"}],"author":[{"embeddable":true,"href":"https:\/\/www.abintabogados.com\/web\/wp-json\/wp\/v2\/users\/2"}],"replies":[{"embeddable":true,"href":"https:\/\/www.abintabogados.com\/web\/wp-json\/wp\/v2\/comments?post=437"}],"version-history":[{"count":3,"href":"https:\/\/www.abintabogados.com\/web\/wp-json\/wp\/v2\/posts\/437\/revisions"}],"predecessor-version":[{"id":444,"href":"https:\/\/www.abintabogados.com\/web\/wp-json\/wp\/v2\/posts\/437\/revisions\/444"}],"wp:attachment":[{"href":"https:\/\/www.abintabogados.com\/web\/wp-json\/wp\/v2\/media?parent=437"}],"wp:term":[{"taxonomy":"category","embeddable":true,"href":"https:\/\/www.abintabogados.com\/web\/wp-json\/wp\/v2\/categories?post=437"},{"taxonomy":"post_tag","embeddable":true,"href":"https:\/\/www.abintabogados.com\/web\/wp-json\/wp\/v2\/tags?post=437"}],"curies":[{"name":"wp","href":"https:\/\/api.w.org\/{rel}","templated":true}]}}