{"id":551,"date":"2015-07-03T15:53:10","date_gmt":"2015-07-03T15:53:10","guid":{"rendered":"http:\/\/www.abintabogados.com\/web\/?p=551"},"modified":"2015-07-03T15:53:10","modified_gmt":"2015-07-03T15:53:10","slug":"sobre-la-valoracion-de-la-denuncia-penal-de-violencia-de-genero-en-casos-de-divorcio","status":"publish","type":"post","link":"https:\/\/www.abintabogados.com\/web\/2015\/07\/03\/sobre-la-valoracion-de-la-denuncia-penal-de-violencia-de-genero-en-casos-de-divorcio\/","title":{"rendered":"Sobre la valoraci\u00f3n de la denuncia penal de Violencia de Genero en casos de Divorcio."},"content":{"rendered":"<p style=\"text-align: justify;\">Mediante sentencia N\u00b0 337, publicada el 09 de junio de 2015, la Sala de Casaci\u00f3n Civil, con ponencia de la Magistrada Isbelia P\u00e9rez Velasquez, establece: (&#8230;) la Sala reitera que la existencia de una denuncia penal y mucho menos cuando se trata de denuncias de mujeres v\u00edctimas de violencia, no puede constituir el \u00fanico fundamento de la causal de divorcio, debido precisamente a que el sentenciador de alzada debe analizar y definir si los se\u00f1alamientos realizados hacen imposible la vida en com\u00fan, y si adem\u00e1s, los hechos debatidos devienen de otros hechos alegados en la demanda y probados durante el proceso.<\/p>\n<p style=\"text-align: justify;\">VER: http:\/\/historico.tsj.gob.ve\/decisiones\/scc\/Junio\/178318-RC.000337-9615-2015-14-770.HTML<\/p>\n","protected":false},"excerpt":{"rendered":"<p>Mediante sentencia N\u00b0 337, publicada el 09 de junio de 2015, la Sala de Casaci\u00f3n Civil, con ponencia de la Magistrada Isbelia P\u00e9rez Velasquez, establece: (&#8230;) la Sala reitera que la existencia de una denuncia penal y mucho menos cuando se trata de denuncias de mujeres v\u00edctimas de violencia, no puede constituir el \u00fanico fundamento de la causal de divorcio, [&hellip;]<\/p>\n","protected":false},"author":2,"featured_media":0,"comment_status":"closed","ping_status":"closed","sticky":false,"template":"","format":"standard","meta":{"footnotes":""},"categories":[1],"tags":[],"_links":{"self":[{"href":"https:\/\/www.abintabogados.com\/web\/wp-json\/wp\/v2\/posts\/551"}],"collection":[{"href":"https:\/\/www.abintabogados.com\/web\/wp-json\/wp\/v2\/posts"}],"about":[{"href":"https:\/\/www.abintabogados.com\/web\/wp-json\/wp\/v2\/types\/post"}],"author":[{"embeddable":true,"href":"https:\/\/www.abintabogados.com\/web\/wp-json\/wp\/v2\/users\/2"}],"replies":[{"embeddable":true,"href":"https:\/\/www.abintabogados.com\/web\/wp-json\/wp\/v2\/comments?post=551"}],"version-history":[{"count":1,"href":"https:\/\/www.abintabogados.com\/web\/wp-json\/wp\/v2\/posts\/551\/revisions"}],"predecessor-version":[{"id":552,"href":"https:\/\/www.abintabogados.com\/web\/wp-json\/wp\/v2\/posts\/551\/revisions\/552"}],"wp:attachment":[{"href":"https:\/\/www.abintabogados.com\/web\/wp-json\/wp\/v2\/media?parent=551"}],"wp:term":[{"taxonomy":"category","embeddable":true,"href":"https:\/\/www.abintabogados.com\/web\/wp-json\/wp\/v2\/categories?post=551"},{"taxonomy":"post_tag","embeddable":true,"href":"https:\/\/www.abintabogados.com\/web\/wp-json\/wp\/v2\/tags?post=551"}],"curies":[{"name":"wp","href":"https:\/\/api.w.org\/{rel}","templated":true}]}}