{"id":56,"date":"2013-08-31T18:03:08","date_gmt":"2013-08-31T18:03:08","guid":{"rendered":"http:\/\/www.abintabogados.com\/web\/?p=56"},"modified":"2013-08-31T18:03:21","modified_gmt":"2013-08-31T18:03:21","slug":"multaran-a-personas-juridicas-del-sector-privado-si-superan-la-demanda-electrica-asignada-contratada","status":"publish","type":"post","link":"https:\/\/www.abintabogados.com\/web\/2013\/08\/31\/multaran-a-personas-juridicas-del-sector-privado-si-superan-la-demanda-electrica-asignada-contratada\/","title":{"rendered":"Multar\u00e1n a personas jur\u00eddicas del sector privado si superan la demanda el\u00e9ctrica asignada contratada"},"content":{"rendered":"<p><!--more-->Caracas, (NL).- El Ministerio de Energ\u00eda El\u00e9ctrica, mediante la Resoluci\u00f3n N\u00b0 035, publicada en la Gaceta Oficial N\u00ba 40.236, estableci\u00f3 que las Personas Jur\u00eddicas del Sector Privado, que superen una Demanda Asignada Contratada de un Megavoltioamperio (1MVA), deber\u00e1n realizar acciones para mantener una reducci\u00f3n de al menos un diez por ciento (10%) de su consumo mensual con respecto al mayor valor entre el consumo facturado en el mismo mes o el consumo promedio mensual facturado, ambos referidos al a\u00f1o 2009.<\/p>\n<p>Las Personas Jur\u00eddicas del Sector Privado, con cargas entre doscientos kilovoltioamperio (200 kVA) y un Megavoltioamperio (1 MVA), deber\u00e1n acometer acciones para mantener una reducci\u00f3n de al menos un diez por ciento (10%) de su consumo mensual con respecto al mayor valor entre el consumo facturado en el mismo mes o el consumo promedio mensual facturado, ambos referidos al a\u00f1o 2009.<\/p>\n<p>Quedan exceptuados del cumplimiento de las metas establecidas en el Art\u00edculo 1 de esta Resoluci\u00f3n, los siguientes sectores:<\/p>\n<ul>\n<li>Servicios de Atenci\u00f3n M\u00e9dica, Sanidad e Higiene.<\/li>\n<li>Producci\u00f3n y Distribuci\u00f3n de Agua Potable.<\/li>\n<li>Producci\u00f3n y Distribuci\u00f3n de Hidrocarburos y sus derivados, gas y otros combustibles.<\/li>\n<li>Seguridad Ciudadana, Cuerpos Policiales y de Protecci\u00f3n Civil.<\/li>\n<li>Recolecci\u00f3n y Tratamiento de Desechos S\u00f3lidos.<\/li>\n<li>Transporte P\u00fablico Terrestre, A\u00e9reo, y Mar\u00edtimo, as\u00ed como el control del tr\u00e1fico a\u00e9reo.<\/li>\n<li>Servicios de Telecomunicaciones.<\/li>\n<li>Servicios informativos, de prensa, radio y la televisi\u00f3n.<\/li>\n<li>Educaci\u00f3n: Colegios y Universidades.<\/li>\n<li>Sistemas de control del tr\u00e1nsito terrestre: Sem\u00e1foros.<\/li>\n<li>Seguridad alimentaria.<\/li>\n<li>Embajadas y sedes diplom\u00e1ticas<\/li>\n<\/ul>\n<p>Las instalaciones de autogeneraci\u00f3n de las instituciones del Sector Privado deber\u00e1n ponerse en funcionamiento en los horarios de mayor demanda del Sistema El\u00e9ctrico Nacional, que se comprende entre 11:00 y 16:00 y entre 18:00 y 22:00 horas.<\/p>\n<p>El Ministerio del Poder Popular para la Energ\u00eda El\u00e9ctrica colocar\u00e1 mensualmente una etiqueta, en un sitio visible, se\u00f1alando el cumplimiento de las medidas establecidas.<\/p>\n<p>Fuente:\u00a0noticierolegal.com<\/p>\n","protected":false},"excerpt":{"rendered":"","protected":false},"author":1,"featured_media":0,"comment_status":"closed","ping_status":"closed","sticky":false,"template":"","format":"standard","meta":{"footnotes":""},"categories":[1],"tags":[],"_links":{"self":[{"href":"https:\/\/www.abintabogados.com\/web\/wp-json\/wp\/v2\/posts\/56"}],"collection":[{"href":"https:\/\/www.abintabogados.com\/web\/wp-json\/wp\/v2\/posts"}],"about":[{"href":"https:\/\/www.abintabogados.com\/web\/wp-json\/wp\/v2\/types\/post"}],"author":[{"embeddable":true,"href":"https:\/\/www.abintabogados.com\/web\/wp-json\/wp\/v2\/users\/1"}],"replies":[{"embeddable":true,"href":"https:\/\/www.abintabogados.com\/web\/wp-json\/wp\/v2\/comments?post=56"}],"version-history":[{"count":2,"href":"https:\/\/www.abintabogados.com\/web\/wp-json\/wp\/v2\/posts\/56\/revisions"}],"predecessor-version":[{"id":58,"href":"https:\/\/www.abintabogados.com\/web\/wp-json\/wp\/v2\/posts\/56\/revisions\/58"}],"wp:attachment":[{"href":"https:\/\/www.abintabogados.com\/web\/wp-json\/wp\/v2\/media?parent=56"}],"wp:term":[{"taxonomy":"category","embeddable":true,"href":"https:\/\/www.abintabogados.com\/web\/wp-json\/wp\/v2\/categories?post=56"},{"taxonomy":"post_tag","embeddable":true,"href":"https:\/\/www.abintabogados.com\/web\/wp-json\/wp\/v2\/tags?post=56"}],"curies":[{"name":"wp","href":"https:\/\/api.w.org\/{rel}","templated":true}]}}