{"id":586,"date":"2015-10-05T19:40:45","date_gmt":"2015-10-05T19:40:45","guid":{"rendered":"http:\/\/www.abintabogados.com\/web\/?p=586"},"modified":"2015-10-05T19:40:45","modified_gmt":"2015-10-05T19:40:45","slug":"funciones-de-los-servicios-de-seguridad-y-salud-en-el-trabajo","status":"publish","type":"post","link":"https:\/\/www.abintabogados.com\/web\/2015\/10\/05\/funciones-de-los-servicios-de-seguridad-y-salud-en-el-trabajo\/","title":{"rendered":"FUNCIONES DE LOS SERVICIOS DE SEGURIDAD Y SALUD EN EL TRABAJO"},"content":{"rendered":"<p style=\"text-align: justify;\">La Sala de Casaci\u00f3n Social, a partir del an\u00e1lisis de la Norma T\u00e9cnica para la Declaraci\u00f3n de Enfermedad Ocupacional, estableci\u00f3 la obligaci\u00f3n de todo patrono de incluir, dentro de su estructura organizacional, los Servicios de Seguridad y Salud en el Trabajo y determin\u00f3 que estos tienen como objetivo principal \u201c\u2026<em>la promoci\u00f3n, prevenci\u00f3n y vigilancia en materia de seguridad, salud, condiciones y medio ambiente de trabajo\u2026<\/em>\u201d para lo cual tienen entre sus funciones las siguientes:<strong><br \/>\n<\/strong>\u201c\u2026<em>investigar las enfermedades ocupacionales con el fin de explicar lo sucedido, realizar el diagn\u00f3stico correspondiente, as\u00ed como adoptar los correctivos necesarios\u2026<\/em>\u201d;<\/p>\n<p style=\"text-align: justify;\">\u201c\u2026<em>realizar el estudio individual de la trabajadora o el trabajador afectado que agrupe todos aquellos puestos y cargos ocupados por este, con la participaci\u00f3n de la trabajadora o el trabajador afectado, Delegados y Delegadas de Prevenci\u00f3n y el Comit\u00e9 de Seguridad y Salud Laboral<\/em>\u201d;<\/p>\n<p style=\"text-align: justify;\">\u201c\u2026<em>garantizar la vigilancia de la salud de las trabajadoras y los trabajadores, a trav\u00e9s de los ex\u00e1menes m\u00e9dicos peri\u00f3dicos de tipo pre-empleo, pre y post vacacional, y de egreso, a fin de ejecutar acciones de identificaci\u00f3n, evaluaci\u00f3n y control de las condiciones y medio ambiente de trabajo, que puedan afectar tanto la salud f\u00edsica como mental de las trabajadoras y trabajadores<\/em>\u201d; y<\/p>\n<p style=\"text-align: justify;\">Luego de la investigaci\u00f3n, \u201c\u2026<em>deber\u00e1n elaborar el informe de investigaci\u00f3n de la enfermedad ocupacional, con la participaci\u00f3n de los Delegados y Delegadas de Prevenci\u00f3n, Comit\u00e9 de Seguridad y Salud Laboral\u2026<\/em>\u201d<\/p>\n<p style=\"text-align: justify;\"><strong>Ver: Resoluci\u00f3n N\u00b0 6228 del Ministerio del Poder Popular para el Trabajo y Seguridad Social, contentiva de \u201c<strong><em>Norma T\u00e9cnica para la Declaraci\u00f3n de Enfermedad Ocupacional (Nt-02-2008)<\/em><\/strong>\u201d, publicada en Gaceta Oficial N\u00b0 39.070, de fecha 1.12.2008<\/strong><\/p>\n<p>VER: <a href=\"http:\/\/historico.tsj.gob.ve\/decisiones\/scs\/agosto\/180824-0785-11815-2015-15-080.HTML\">http:\/\/historico.tsj.gob.ve\/decisiones\/scs\/agosto\/180824-0785-11815-2015-15-080.HTML<\/a><\/p>\n","protected":false},"excerpt":{"rendered":"<p>La Sala de Casaci\u00f3n Social, a partir del an\u00e1lisis de la Norma T\u00e9cnica para la Declaraci\u00f3n de Enfermedad Ocupacional, estableci\u00f3 la obligaci\u00f3n de todo patrono de incluir, dentro de su estructura organizacional, los Servicios de Seguridad y Salud en el Trabajo y determin\u00f3 que estos tienen como objetivo principal \u201c\u2026la promoci\u00f3n, prevenci\u00f3n y vigilancia en materia de seguridad, salud, condiciones [&hellip;]<\/p>\n","protected":false},"author":2,"featured_media":0,"comment_status":"closed","ping_status":"closed","sticky":false,"template":"","format":"standard","meta":{"footnotes":""},"categories":[1],"tags":[],"_links":{"self":[{"href":"https:\/\/www.abintabogados.com\/web\/wp-json\/wp\/v2\/posts\/586"}],"collection":[{"href":"https:\/\/www.abintabogados.com\/web\/wp-json\/wp\/v2\/posts"}],"about":[{"href":"https:\/\/www.abintabogados.com\/web\/wp-json\/wp\/v2\/types\/post"}],"author":[{"embeddable":true,"href":"https:\/\/www.abintabogados.com\/web\/wp-json\/wp\/v2\/users\/2"}],"replies":[{"embeddable":true,"href":"https:\/\/www.abintabogados.com\/web\/wp-json\/wp\/v2\/comments?post=586"}],"version-history":[{"count":2,"href":"https:\/\/www.abintabogados.com\/web\/wp-json\/wp\/v2\/posts\/586\/revisions"}],"predecessor-version":[{"id":588,"href":"https:\/\/www.abintabogados.com\/web\/wp-json\/wp\/v2\/posts\/586\/revisions\/588"}],"wp:attachment":[{"href":"https:\/\/www.abintabogados.com\/web\/wp-json\/wp\/v2\/media?parent=586"}],"wp:term":[{"taxonomy":"category","embeddable":true,"href":"https:\/\/www.abintabogados.com\/web\/wp-json\/wp\/v2\/categories?post=586"},{"taxonomy":"post_tag","embeddable":true,"href":"https:\/\/www.abintabogados.com\/web\/wp-json\/wp\/v2\/tags?post=586"}],"curies":[{"name":"wp","href":"https:\/\/api.w.org\/{rel}","templated":true}]}}