{"id":606,"date":"2015-11-04T13:08:50","date_gmt":"2015-11-04T13:08:50","guid":{"rendered":"http:\/\/www.abintabogados.com\/web\/?p=606"},"modified":"2015-11-04T13:08:50","modified_gmt":"2015-11-04T13:08:50","slug":"las-querellas-funcionariales-y-el-litisconsorcio-activo-voluntario-impropio","status":"publish","type":"post","link":"https:\/\/www.abintabogados.com\/web\/2015\/11\/04\/las-querellas-funcionariales-y-el-litisconsorcio-activo-voluntario-impropio\/","title":{"rendered":"Las querellas Funcionariales y el litisconsorcio activo voluntario impropio."},"content":{"rendered":"<p style=\"text-align: justify;\">Mediante Sentencia N\u00b0 1203, dictada el 23 de octubre de 2015 por la Sala Constitucional, bajo la ponencia de la Magistrada doctora Carmen Zuleta de Merch\u00e1n,\u00a0estableci\u00f3 que en virtud de lo dispuesto en el art\u00edculo 49 de la Ley Org\u00e1nica Procesal del Trabajo, resulta permisible la interposici\u00f3n de querellas funcionariales, ante los Tribunales Contenciosos Administrativos, bajo la figura del litisconsorcio activo voluntario impropio.<\/p>\n<p style=\"text-align: justify;\">VER: http:\/\/historico.tsj.gob.ve\/decisiones\/scon\/Octubre\/182078-1203-231015-2015-15-0714.HTML<\/p>\n","protected":false},"excerpt":{"rendered":"<p>Mediante Sentencia N\u00b0 1203, dictada el 23 de octubre de 2015 por la Sala Constitucional, bajo la ponencia de la Magistrada doctora Carmen Zuleta de Merch\u00e1n,\u00a0estableci\u00f3 que en virtud de lo dispuesto en el art\u00edculo 49 de la Ley Org\u00e1nica Procesal del Trabajo, resulta permisible la interposici\u00f3n de querellas funcionariales, ante los Tribunales Contenciosos Administrativos, bajo la figura del litisconsorcio [&hellip;]<\/p>\n","protected":false},"author":2,"featured_media":0,"comment_status":"closed","ping_status":"closed","sticky":false,"template":"","format":"standard","meta":{"footnotes":""},"categories":[1],"tags":[],"_links":{"self":[{"href":"https:\/\/www.abintabogados.com\/web\/wp-json\/wp\/v2\/posts\/606"}],"collection":[{"href":"https:\/\/www.abintabogados.com\/web\/wp-json\/wp\/v2\/posts"}],"about":[{"href":"https:\/\/www.abintabogados.com\/web\/wp-json\/wp\/v2\/types\/post"}],"author":[{"embeddable":true,"href":"https:\/\/www.abintabogados.com\/web\/wp-json\/wp\/v2\/users\/2"}],"replies":[{"embeddable":true,"href":"https:\/\/www.abintabogados.com\/web\/wp-json\/wp\/v2\/comments?post=606"}],"version-history":[{"count":1,"href":"https:\/\/www.abintabogados.com\/web\/wp-json\/wp\/v2\/posts\/606\/revisions"}],"predecessor-version":[{"id":607,"href":"https:\/\/www.abintabogados.com\/web\/wp-json\/wp\/v2\/posts\/606\/revisions\/607"}],"wp:attachment":[{"href":"https:\/\/www.abintabogados.com\/web\/wp-json\/wp\/v2\/media?parent=606"}],"wp:term":[{"taxonomy":"category","embeddable":true,"href":"https:\/\/www.abintabogados.com\/web\/wp-json\/wp\/v2\/categories?post=606"},{"taxonomy":"post_tag","embeddable":true,"href":"https:\/\/www.abintabogados.com\/web\/wp-json\/wp\/v2\/tags?post=606"}],"curies":[{"name":"wp","href":"https:\/\/api.w.org\/{rel}","templated":true}]}}