{"id":615,"date":"2015-12-14T17:23:24","date_gmt":"2015-12-14T17:23:24","guid":{"rendered":"http:\/\/www.abintabogados.com\/web\/?p=615"},"modified":"2015-12-14T17:23:24","modified_gmt":"2015-12-14T17:23:24","slug":"sobre-las-medidas-cautelares-y-la-libertad-sindical","status":"publish","type":"post","link":"https:\/\/www.abintabogados.com\/web\/2015\/12\/14\/sobre-las-medidas-cautelares-y-la-libertad-sindical\/","title":{"rendered":"Sobre las medidas cautelares y la Libertad Sindical."},"content":{"rendered":"<p style=\"text-align: justify;\">Mediante Sentencia N\u00b0 1580, dictada el 10 de diciembre de 2015, por la Sala Constitucional, bajo la ponencia de la Magistrada Carmen Zuleta de Merch\u00e1n,\u00a0se estableci\u00f3\u00a0que las medidas cautelares no pueden afectar el derecho a la negociaci\u00f3n colectiva y la libertad sindical que tienen reconocimiento en la Ley Org\u00e1nica del Trabajo, las Trabajadoras y los Trabajadores, por ser los mismos derechos fundamentales, regulados, en el \u00e1mbito internacional, por la Declaraci\u00f3n de la OIT relativa a los principios y derechos fundamentales en el trabajo, adoptada por la Conferencia de la OIT en 1998, en los convenios 87 y 98.<\/p>\n<p style=\"text-align: justify;\">VER: http:\/\/historico.tsj.gob.ve\/decisiones\/scon\/Diciembre\/183710-1580-101215-2015-14-0982.HTML<\/p>\n","protected":false},"excerpt":{"rendered":"<p>Mediante Sentencia N\u00b0 1580, dictada el 10 de diciembre de 2015, por la Sala Constitucional, bajo la ponencia de la Magistrada Carmen Zuleta de Merch\u00e1n,\u00a0se estableci\u00f3\u00a0que las medidas cautelares no pueden afectar el derecho a la negociaci\u00f3n colectiva y la libertad sindical que tienen reconocimiento en la Ley Org\u00e1nica del Trabajo, las Trabajadoras y los Trabajadores, por ser los mismos [&hellip;]<\/p>\n","protected":false},"author":2,"featured_media":0,"comment_status":"closed","ping_status":"closed","sticky":false,"template":"","format":"standard","meta":{"footnotes":""},"categories":[1],"tags":[],"_links":{"self":[{"href":"https:\/\/www.abintabogados.com\/web\/wp-json\/wp\/v2\/posts\/615"}],"collection":[{"href":"https:\/\/www.abintabogados.com\/web\/wp-json\/wp\/v2\/posts"}],"about":[{"href":"https:\/\/www.abintabogados.com\/web\/wp-json\/wp\/v2\/types\/post"}],"author":[{"embeddable":true,"href":"https:\/\/www.abintabogados.com\/web\/wp-json\/wp\/v2\/users\/2"}],"replies":[{"embeddable":true,"href":"https:\/\/www.abintabogados.com\/web\/wp-json\/wp\/v2\/comments?post=615"}],"version-history":[{"count":2,"href":"https:\/\/www.abintabogados.com\/web\/wp-json\/wp\/v2\/posts\/615\/revisions"}],"predecessor-version":[{"id":617,"href":"https:\/\/www.abintabogados.com\/web\/wp-json\/wp\/v2\/posts\/615\/revisions\/617"}],"wp:attachment":[{"href":"https:\/\/www.abintabogados.com\/web\/wp-json\/wp\/v2\/media?parent=615"}],"wp:term":[{"taxonomy":"category","embeddable":true,"href":"https:\/\/www.abintabogados.com\/web\/wp-json\/wp\/v2\/categories?post=615"},{"taxonomy":"post_tag","embeddable":true,"href":"https:\/\/www.abintabogados.com\/web\/wp-json\/wp\/v2\/tags?post=615"}],"curies":[{"name":"wp","href":"https:\/\/api.w.org\/{rel}","templated":true}]}}