{"id":632,"date":"2016-01-07T18:17:20","date_gmt":"2016-01-07T18:17:20","guid":{"rendered":"http:\/\/www.abintabogados.com\/web\/?p=632"},"modified":"2016-01-07T18:17:20","modified_gmt":"2016-01-07T18:17:20","slug":"sobre-el-decreto-con-rango-valor-y-fuerza-de-ley-de-inamovilidad-laboral","status":"publish","type":"post","link":"https:\/\/www.abintabogados.com\/web\/2016\/01\/07\/sobre-el-decreto-con-rango-valor-y-fuerza-de-ley-de-inamovilidad-laboral\/","title":{"rendered":"Sobre el Decreto con Rango, Valor y Fuerza de Ley de Inamovilidad Laboral."},"content":{"rendered":"<p style=\"text-align: justify;\">Mediante Gaceta Oficial N\u00b0 6.207 Extraordinario del 29 de diciembre de 2015 se public\u00f3 el Decreto N\u00b0 2.158 \u00a0de la misma fecha, mediante el cual se establece la inamovilidad laboral a favor de los trabajadores y trabajadoras del sector privado y del sector p\u00fablico regidos por el Decreto con Rango, Valor y Fuerza de Ley Org\u00e1nica del Trabajo, los Trabajadores y las Trabajadoras (\u201cLOTTT\u201d), el cual tendr\u00e1 vigencia durante tres (3) a\u00f1os a partir de su publicaci\u00f3n en Gaceta Oficial (en lo sucesivo \u201cEl Decreto de Inamovilidad\u201d).<\/p>\n<p style=\"text-align: justify;\"><b>1)\u00a0\u00a0\u00a0\u00a0\u00a0\u00a0 <\/b><b>Inamovilidad laboral <\/b><\/p>\n<p style=\"text-align: justify;\">Se establece la inamovilidad laboral a favor de los trabajadores y trabajadoras del sector privado y del sector p\u00fablico regidos por el Decreto con Rango, Valor y Fuerza de Ley Org\u00e1nica del Trabajo, los Trabajadores y las Trabajadoras, el cual tendr\u00e1 vigencia durante tres (3) a\u00f1os a partir de su publicaci\u00f3n en Gaceta Oficial, a fin de proteger la estabilidad del proceso social del trabajo y el libre ejercicio del derecho de participaci\u00f3n de los trabajadores y trabajadoras desde las entidades de trabajo (Art\u00edculos 1 y 2).<\/p>\n<p style=\"text-align: justify;\"><b>2)\u00a0\u00a0\u00a0\u00a0\u00a0\u00a0 <\/b><b>Prohibici\u00f3n de despido, desmejora o traslado<\/b><\/p>\n<p style=\"text-align: justify;\">Los trabajadores amparados por El Decreto de Inamovilidad no podr\u00e1n ser despedidos, desmejorados o trasladados sin justa causa calificada previamente por en Inspector del Trabajo de la jurisdicci\u00f3n, de conformidad con lo dispuesto en el art\u00edculo 422 de la LOTTT. (Art\u00edculo 5).<\/p>\n<p style=\"text-align: justify;\">En caso de que el trabajador protegido por El Decreto de Inamovilidad sea despedido o desmejorado sin justa causa, o bien trasladado sin su consentimiento, podr\u00e1 denunciar el hecho dentro de los treinta (30) d\u00edas continuos siguientes ante el Inspector del Trabajo de la jurisdicci\u00f3n y solicitar el reenganche y el pago de los salarios ca\u00eddos, as\u00ed como los dem\u00e1s beneficios dejados de percibir; o la restituci\u00f3n de la situaci\u00f3n jur\u00eddica infringida, seg\u00fan el procedimiento establecido en el art\u00edculo 425 de la LOTTT.<\/p>\n<p style=\"text-align: justify;\"><b>3)\u00a0\u00a0\u00a0\u00a0\u00a0\u00a0<\/b><b>Del tr\u00e1mite preferente de los procedimientos administrativos de inamovilidad laboral <\/b><\/p>\n<p style=\"text-align: justify;\">Los Inspectores del Trabajo tramitar\u00e1n, con preferencia a cualquier asunto, los procedimientos derivados de la inmovilidad laboral consagrada en El Decreto de Inamovilidad y proceder\u00e1n con la mayor eficiencia y eficacia en salvaguarda y protecci\u00f3n de los derechos laborales. (Art\u00edculo 7).<\/p>\n<p style=\"text-align: justify;\"><b>4)\u00a0\u00a0\u00a0\u00a0\u00a0\u00a0 <\/b><b>Sujetos de Protecci\u00f3n<\/b><\/p>\n<p style=\"text-align: justify;\">\u00a0De acuerdo a lo establecido en el art\u00edculo 3 de El Decreto de Inamovilidad, gozar\u00e1n de protecci\u00f3n:<\/p>\n<ul style=\"text-align: justify;\">\n<li>Los trabajadores contratados a tiempo indeterminado a partir de un (1) mes al servicio de un patrono;<\/li>\n<li>Los trabajadores contratados por el tiempo previsto en el contrato.<\/li>\n<li>Los trabajadores contratados para una obra determinada mientras no concluya su obligaci\u00f3n.<\/li>\n<\/ul>\n<p style=\"text-align: justify;\">Quedan exentos de la aplicaci\u00f3n de El Decreto de Inamovilidad los trabajadores que ejerzan cargos de direcci\u00f3n y los trabajadores de temporada u ocasionales.<\/p>\n<p style=\"text-align: justify;\">La estabilidad de los funcionarios p\u00fablicos se regir\u00e1 por las normas de protecci\u00f3n contenidas en la Ley del Estatuto de la Funci\u00f3n P\u00fablica. (Art\u00edculo 8).<\/p>\n<p style=\"text-align: justify;\"><b>5)\u00a0\u00a0\u00a0\u00a0\u00a0\u00a0 <\/b><b>Sanciones<\/b><\/p>\n<p style=\"text-align: justify;\">El patrono que despida, traslade o desmejore a un trabajador amparado por El Decreto de Inamovilidad, sin haber solicitado previamente la calificaci\u00f3n por ante la Inspector\u00eda del Trabajo ser\u00e1 sancionado de conformidad con el art\u00edculo 531 del Decreto con Rango, Valor y Fuerza de Ley Org\u00e1nica del Trabajo, los Trabajadores y Trabajadoras (\u201cLOTTT\u201d). Aquel patrono que desacate una orden de reenganche y restituci\u00f3n de la situaci\u00f3n jur\u00eddica infringida se le aplicara la misma sanci\u00f3n de acuerdo a lo previsto en el art\u00edculo 532 de la LOTTT y ser\u00e1 penado de conformidad con lo dispuesto en el Art\u00edculo 538 de la mencionada norma. (Art\u00edculo 9).<\/p>\n<p style=\"text-align: justify;\"><b>6)\u00a0\u00a0\u00a0\u00a0\u00a0\u00a0 <\/b><b>Vigencia<\/b><\/p>\n<p style=\"text-align: justify;\">El Decreto de Inamovilidad tendr\u00e1 vigencia durante tres (3) a\u00f1os, entre la fecha de su publicaci\u00f3n en Gaceta Oficial y el treinta y uno (31) de diciembre de dos mil dieciocho (2018).<\/p>\n<p>&nbsp;<\/p>\n","protected":false},"excerpt":{"rendered":"<p>Mediante Gaceta Oficial N\u00b0 6.207 Extraordinario del 29 de diciembre de 2015 se public\u00f3 el Decreto N\u00b0 2.158 \u00a0de la misma fecha, mediante el cual se establece la inamovilidad laboral a favor de los trabajadores y trabajadoras del sector privado y del sector p\u00fablico regidos por el Decreto con Rango, Valor y Fuerza de Ley Org\u00e1nica del Trabajo, los Trabajadores [&hellip;]<\/p>\n","protected":false},"author":2,"featured_media":0,"comment_status":"closed","ping_status":"closed","sticky":false,"template":"","format":"standard","meta":{"footnotes":""},"categories":[1],"tags":[],"_links":{"self":[{"href":"https:\/\/www.abintabogados.com\/web\/wp-json\/wp\/v2\/posts\/632"}],"collection":[{"href":"https:\/\/www.abintabogados.com\/web\/wp-json\/wp\/v2\/posts"}],"about":[{"href":"https:\/\/www.abintabogados.com\/web\/wp-json\/wp\/v2\/types\/post"}],"author":[{"embeddable":true,"href":"https:\/\/www.abintabogados.com\/web\/wp-json\/wp\/v2\/users\/2"}],"replies":[{"embeddable":true,"href":"https:\/\/www.abintabogados.com\/web\/wp-json\/wp\/v2\/comments?post=632"}],"version-history":[{"count":2,"href":"https:\/\/www.abintabogados.com\/web\/wp-json\/wp\/v2\/posts\/632\/revisions"}],"predecessor-version":[{"id":634,"href":"https:\/\/www.abintabogados.com\/web\/wp-json\/wp\/v2\/posts\/632\/revisions\/634"}],"wp:attachment":[{"href":"https:\/\/www.abintabogados.com\/web\/wp-json\/wp\/v2\/media?parent=632"}],"wp:term":[{"taxonomy":"category","embeddable":true,"href":"https:\/\/www.abintabogados.com\/web\/wp-json\/wp\/v2\/categories?post=632"},{"taxonomy":"post_tag","embeddable":true,"href":"https:\/\/www.abintabogados.com\/web\/wp-json\/wp\/v2\/tags?post=632"}],"curies":[{"name":"wp","href":"https:\/\/api.w.org\/{rel}","templated":true}]}}