{"id":643,"date":"2016-01-08T19:24:15","date_gmt":"2016-01-08T19:24:15","guid":{"rendered":"http:\/\/www.abintabogados.com\/web\/?p=643"},"modified":"2016-01-08T19:24:15","modified_gmt":"2016-01-08T19:24:15","slug":"sobre-el-valor-probatorio-de-la-prueba-heredo-biologica-de-adn-segun-la-sala-constitucional-del-tsj","status":"publish","type":"post","link":"https:\/\/www.abintabogados.com\/web\/2016\/01\/08\/sobre-el-valor-probatorio-de-la-prueba-heredo-biologica-de-adn-segun-la-sala-constitucional-del-tsj\/","title":{"rendered":"Sobre el valor probatorio de la prueba Heredo Biologica de ADN segun la Sala Constitucional del TSJ."},"content":{"rendered":"<p>Mediante Sentencia del\u00a0\u00a022 de Diciembre de 2015,\u00a0la Sala Constitucional con ponencia de la Magistrada Carmen Zuleta de Merch\u00e1n,\u00a0ratific\u00f3 el derecho a la identidad como derecho humano, y en tal sentido, revis\u00f3 una sentencia preconstitucional, considerando como prueba \u00fanica, la prueba heredo-biol\u00f3gia de ADN para obtener los datos filiatorios.<\/p>\n<p>VER: http:\/\/historico.tsj.gob.ve\/decisiones\/scon\/Diciembre\/184219-1757-221215-2015-2012-0493.HTML<\/p>\n","protected":false},"excerpt":{"rendered":"<p>Mediante Sentencia del\u00a0\u00a022 de Diciembre de 2015,\u00a0la Sala Constitucional con ponencia de la Magistrada Carmen Zuleta de Merch\u00e1n,\u00a0ratific\u00f3 el derecho a la identidad como derecho humano, y en tal sentido, revis\u00f3 una sentencia preconstitucional, considerando como prueba \u00fanica, la prueba heredo-biol\u00f3gia de ADN para obtener los datos filiatorios. VER: http:\/\/historico.tsj.gob.ve\/decisiones\/scon\/Diciembre\/184219-1757-221215-2015-2012-0493.HTML<\/p>\n","protected":false},"author":2,"featured_media":0,"comment_status":"closed","ping_status":"closed","sticky":false,"template":"","format":"standard","meta":{"footnotes":""},"categories":[1],"tags":[],"_links":{"self":[{"href":"https:\/\/www.abintabogados.com\/web\/wp-json\/wp\/v2\/posts\/643"}],"collection":[{"href":"https:\/\/www.abintabogados.com\/web\/wp-json\/wp\/v2\/posts"}],"about":[{"href":"https:\/\/www.abintabogados.com\/web\/wp-json\/wp\/v2\/types\/post"}],"author":[{"embeddable":true,"href":"https:\/\/www.abintabogados.com\/web\/wp-json\/wp\/v2\/users\/2"}],"replies":[{"embeddable":true,"href":"https:\/\/www.abintabogados.com\/web\/wp-json\/wp\/v2\/comments?post=643"}],"version-history":[{"count":1,"href":"https:\/\/www.abintabogados.com\/web\/wp-json\/wp\/v2\/posts\/643\/revisions"}],"predecessor-version":[{"id":644,"href":"https:\/\/www.abintabogados.com\/web\/wp-json\/wp\/v2\/posts\/643\/revisions\/644"}],"wp:attachment":[{"href":"https:\/\/www.abintabogados.com\/web\/wp-json\/wp\/v2\/media?parent=643"}],"wp:term":[{"taxonomy":"category","embeddable":true,"href":"https:\/\/www.abintabogados.com\/web\/wp-json\/wp\/v2\/categories?post=643"},{"taxonomy":"post_tag","embeddable":true,"href":"https:\/\/www.abintabogados.com\/web\/wp-json\/wp\/v2\/tags?post=643"}],"curies":[{"name":"wp","href":"https:\/\/api.w.org\/{rel}","templated":true}]}}