{"id":986,"date":"2020-01-15T12:38:32","date_gmt":"2020-01-15T12:38:32","guid":{"rendered":"http:\/\/www.abintabogados.com\/web\/?p=986"},"modified":"2020-01-15T12:44:29","modified_gmt":"2020-01-15T12:44:29","slug":"el-nuevo-regimen-de-cesiones-de-futbolistas","status":"publish","type":"post","link":"https:\/\/www.abintabogados.com\/web\/2020\/01\/15\/el-nuevo-regimen-de-cesiones-de-futbolistas\/","title":{"rendered":"El nuevo r\u00e9gimen de cesiones de futbolistas."},"content":{"rendered":"<p style=\"text-align: justify;\">El pr\u00f3ximo 31 de enero finaliza este mercado de invierno en Europa cerr\u00e1ndose cualquier posibilidad de transferencia internacional hasta el 1 de julio, cuando vuelva a abrirse la\u00a0ventana de verano.<\/p>\n<p style=\"text-align: justify;\">Un\u00a0per\u00edodo que traer\u00e1 una importante novedad a nivel internacional, es decir en todas aquellas operaciones que requieran del Certificado de Transferencia Internacional de FIFA.<\/p>\n<p style=\"text-align: justify;\">Y tiene que ver con el\u00a0l\u00edmite que entrar\u00e1 en vigor desde entonces en materia de cesiones. Un l\u00edmite que FIFA estrena con el\u00a0objetivo claro de evitar el inter\u00e9s econ\u00f3mico y no formativo de los jugadores, especialmente de los m\u00e1s j\u00f3venes,\u00a0garantizando adem\u00e1s que los pr\u00e9stamos de futbolistas tengan un claro prop\u00f3sito econ\u00f3mico y no un claro inter\u00e9s comercial por parte de los clubes.<\/p>\n<p style=\"text-align: justify;\">As\u00ed pues, desde esta fecha entra en vigor los l\u00edmites en los pr\u00e9stamos internacionales fijados por\u00a0FIFA\u00a0tanto para los jugadores de 22 a\u00f1os como de edad superior.<\/p>\n<p style=\"text-align: justify;\">Limitaciones que ir\u00e1n bajando gradualmente cada a\u00f1o\u00a0y que adem\u00e1s se notificar\u00e1 oficialmente a trav\u00e9s de una circular.<\/p>\n<p style=\"text-align: justify;\">As\u00ed para pr\u00f3xima temporada\u00a02020-2021 los clubes no podr\u00e1n hacer m\u00e1s de ocho cesiones internacionales\u00a0tanto si quieren incorporar jugadores a su disciplina como si buscan destino a futbolistas de su actual plantilla en otro club extranjero.<\/p>\n<p style=\"text-align: justify;\">Cesiones que se reducir\u00e1n a siete la\u00a0siguiente temporada\u00a02021-2022\u00a0hasta llegar a\u00a0la seis que solo podr\u00e1n ejecutarse desde la campa\u00f1a 2022-2023. Adem\u00e1s para entonces esta limitaci\u00f3n no solo ser\u00e1 en las transacciones internacionales sino que deber\u00e1 estar implantada tambi\u00e9n en todas las competiciones nacionales.<\/p>\n","protected":false},"excerpt":{"rendered":"<p>El pr\u00f3ximo 31 de enero finaliza este mercado de invierno en Europa cerr\u00e1ndose cualquier posibilidad de transferencia internacional hasta el 1 de julio, cuando vuelva a abrirse la\u00a0ventana de verano. Un\u00a0per\u00edodo que traer\u00e1 una importante novedad a nivel internacional, es decir en todas aquellas operaciones que requieran del Certificado de Transferencia Internacional de FIFA. Y tiene que ver con el\u00a0l\u00edmite [&hellip;]<\/p>\n","protected":false},"author":2,"featured_media":0,"comment_status":"closed","ping_status":"closed","sticky":false,"template":"","format":"standard","meta":{"footnotes":""},"categories":[1],"tags":[],"_links":{"self":[{"href":"https:\/\/www.abintabogados.com\/web\/wp-json\/wp\/v2\/posts\/986"}],"collection":[{"href":"https:\/\/www.abintabogados.com\/web\/wp-json\/wp\/v2\/posts"}],"about":[{"href":"https:\/\/www.abintabogados.com\/web\/wp-json\/wp\/v2\/types\/post"}],"author":[{"embeddable":true,"href":"https:\/\/www.abintabogados.com\/web\/wp-json\/wp\/v2\/users\/2"}],"replies":[{"embeddable":true,"href":"https:\/\/www.abintabogados.com\/web\/wp-json\/wp\/v2\/comments?post=986"}],"version-history":[{"count":2,"href":"https:\/\/www.abintabogados.com\/web\/wp-json\/wp\/v2\/posts\/986\/revisions"}],"predecessor-version":[{"id":988,"href":"https:\/\/www.abintabogados.com\/web\/wp-json\/wp\/v2\/posts\/986\/revisions\/988"}],"wp:attachment":[{"href":"https:\/\/www.abintabogados.com\/web\/wp-json\/wp\/v2\/media?parent=986"}],"wp:term":[{"taxonomy":"category","embeddable":true,"href":"https:\/\/www.abintabogados.com\/web\/wp-json\/wp\/v2\/categories?post=986"},{"taxonomy":"post_tag","embeddable":true,"href":"https:\/\/www.abintabogados.com\/web\/wp-json\/wp\/v2\/tags?post=986"}],"curies":[{"name":"wp","href":"https:\/\/api.w.org\/{rel}","templated":true}]}}